{"id":1050,"date":"2009-10-28T17:20:06","date_gmt":"2009-10-28T17:20:06","guid":{"rendered":"http:\/\/www.larsandersjohansson.se\/wordpress\/?p=1050"},"modified":"2009-10-28T17:20:06","modified_gmt":"2009-10-28T17:20:06","slug":"att-tanka-fritt-ar-stort-etc","status":"publish","type":"post","link":"https:\/\/www.larsandersjohansson.se\/?p=1050","title":{"rendered":"Att t\u00e4nka fritt \u00e4r stort etc*"},"content":{"rendered":"<p>Det mest effektiva s\u00e4ttet att h\u00e5lla sig ideologiskt renl\u00e4rig har i alla tider varit att st\u00e4nga ute andra intryck, \u00e5sikter och argument \u00e4n de som bekr\u00e4ftar den egna st\u00e5ndpunkten. Detta f\u00f6rh\u00e5llningss\u00e4tt aktualiserades p\u00e5 Ofvandahls i Uppsala idag.<\/p>\n<p>\u00a0<\/p>\n<p>N\u00e5gra v\u00e4nsterstudenter, med alla de sedvanliga attributen, sitter och pluggar tillsammans. Efter en stund glider samtalet in p\u00e5 f\u00f6rfattarinnan Ayn Rand och hennes verk:<\/p>\n<p>\u00a0<\/p>\n<p><strong>V\u00e4nsterstudent 1:<\/strong> Jag v\u00e5gar inte l\u00e4sa Ayn Rand.<\/p>\n<p>\u00a0<\/p>\n<p><strong>V\u00e4nsterstudent 2:<\/strong> Inte jag heller, hon \u00e4r farlig!<\/p>\n<p>\u00a0<\/p>\n<p><strong>V\u00e4nsterstudent 3:<\/strong> Jag vet, s\u00e4rskilt Atlas shrugged. Folk blir som f\u00f6rbytta n\u00e4r de har l\u00e4st den!<\/p>\n<p>\u00a0<\/p>\n<p><strong>V\u00e4nsterstudent 1: <\/strong>Jag har sett det med egna \u00f6gon: kompis efter kompis har l\u00e4st den och f\u00f6rvandlats till galna nyliberaler!<\/p>\n<p>\u00a0<\/p>\n<p><strong>V\u00e4nsterstudent 2:<\/strong> Fy fan! Nej, d\u00e5 ska jag verkligen inte l\u00e4sa den.<\/p>\n<p>\u00a0<\/p>\n<p>\u00a0<\/p>\n<p><em>__________________________________________________________________<br \/><\/em><\/p>\n<p><em>*Rubriken syftar p\u00e5 Uppsala universitets motto: &#8221;Att t\u00e4nka fritt \u00e4r stort, att t\u00e4nka r\u00e4tt \u00e4r st\u00f6rre&#8221;, efter Thomas Torild.<\/em><\/p>\n","protected":false},"excerpt":{"rendered":"<p>Det mest effektiva s\u00e4ttet att h\u00e5lla sig ideologiskt renl\u00e4rig har i alla tider varit att st\u00e4nga ute andra intryck, \u00e5sikter och argument \u00e4n de som bekr\u00e4ftar den egna st\u00e5ndpunkten. Detta[&#8230;]<\/p>\n","protected":false},"author":1,"featured_media":0,"comment_status":"open","ping_status":"open","sticky":false,"template":"","format":"standard","meta":{"ngg_post_thumbnail":0,"jetpack_publicize_message":"","jetpack_is_tweetstorm":false,"jetpack_publicize_feature_enabled":true,"jetpack_social_post_already_shared":false,"jetpack_social_options":{"image_generator_settings":{"template":"highway","enabled":false}}},"categories":[1],"tags":[],"jetpack_publicize_connections":[],"jetpack_featured_media_url":"","_links":{"self":[{"href":"https:\/\/www.larsandersjohansson.se\/index.php?rest_route=\/wp\/v2\/posts\/1050"}],"collection":[{"href":"https:\/\/www.larsandersjohansson.se\/index.php?rest_route=\/wp\/v2\/posts"}],"about":[{"href":"https:\/\/www.larsandersjohansson.se\/index.php?rest_route=\/wp\/v2\/types\/post"}],"author":[{"embeddable":true,"href":"https:\/\/www.larsandersjohansson.se\/index.php?rest_route=\/wp\/v2\/users\/1"}],"replies":[{"embeddable":true,"href":"https:\/\/www.larsandersjohansson.se\/index.php?rest_route=%2Fwp%2Fv2%2Fcomments&post=1050"}],"version-history":[{"count":0,"href":"https:\/\/www.larsandersjohansson.se\/index.php?rest_route=\/wp\/v2\/posts\/1050\/revisions"}],"wp:attachment":[{"href":"https:\/\/www.larsandersjohansson.se\/index.php?rest_route=%2Fwp%2Fv2%2Fmedia&parent=1050"}],"wp:term":[{"taxonomy":"category","embeddable":true,"href":"https:\/\/www.larsandersjohansson.se\/index.php?rest_route=%2Fwp%2Fv2%2Fcategories&post=1050"},{"taxonomy":"post_tag","embeddable":true,"href":"https:\/\/www.larsandersjohansson.se\/index.php?rest_route=%2Fwp%2Fv2%2Ftags&post=1050"}],"curies":[{"name":"wp","href":"https:\/\/api.w.org\/{rel}","templated":true}]}}