{"id":1073,"date":"2010-01-25T16:25:46","date_gmt":"2010-01-25T16:25:46","guid":{"rendered":"http:\/\/www.larsandersjohansson.se\/wordpress\/?p=1073"},"modified":"2010-01-25T16:25:46","modified_gmt":"2010-01-25T16:25:46","slug":"moderaterna-blir-marxister","status":"publish","type":"post","link":"https:\/\/www.larsandersjohansson.se\/?p=1073","title":{"rendered":"Moderaterna blir marxister"},"content":{"rendered":"<p><a title=\"SvD\" href=\"http:\/\/go2.wordpress.com\/?id=725X1342&amp;site=genusnytt.wordpress.com&amp;url=http%3A%2F%2Fwww.svd.se%2Fnyheter%2Fpolitik%2Fm-hamtar-stod-hos-feminismen_4143775.svd\" target=\"_blank\">Moderaterna<\/a> presenterar sin nya <a title=\"DN\" href=\"http:\/\/go2.wordpress.com\/?id=725X1342&amp;site=genusnytt.wordpress.com&amp;url=http%3A%2F%2Fwww.dn.se%2Fnyheter%2Fvalet2010%2Fm-satsar-pa-jamstalldhet-1.1032543\" target=\"_blank\">j\u00e4mst\u00e4lldhetsplattform<\/a> och v\u00e4rlden h\u00e4pnar. Den liberal-konservativa id\u00e9traditionen d\u00e4r individen s\u00e4tts i centrum har l\u00e4mnats d\u00e4rh\u00e4n. Ist\u00e4llet \u00e4gnar man sig \u00e5t ren v\u00e4nsterretorik och triumferar i marxistiska floskler. Man pratar om k\u00f6nsmaktsordningen som vore den ett sj\u00e4lvklart begrepp, och ansluter sig d\u00e4rmed till den postmarxistiska v\u00e4rldsbild d\u00e4r individer reduceras till statistiska kategorier.<\/p>\n<p>\u00a0<\/p>\n<p>F\u00f6rest\u00e4llningen om en k\u00f6nsmaktsordning, det vill s\u00e4ga ett generellt strukturellt f\u00f6rh\u00e5llande av \u00f6ver- och underordning mellan k\u00f6nen, \u00e4r den gamla marxistiska klassanalysen fast i ny tappning. De kollektivister som stod \u00f6vergivna i v\u00e4rlden n\u00e4r muren f\u00f6ll och sovjetv\u00e4ldet brakade samman s\u00f6kte nya former f\u00f6r sitt antiindividualistiska budskap. En arm\u00e9 av genusteoretiker, postkolonialister queerteoretiker och andra likasinnade str\u00f6mmade ut \u00f6ver universiteten, medierna och myndigheterna runtom i v\u00e4stv\u00e4rlden, bev\u00e4pnade med den ompaketerade och uppsminkade marxistiska samh\u00e4llsanalysen.<\/p>\n<p>\u00a0<\/p>\n<p>Metoderna har dock f\u00f6rblivit desamma. H\u00e4romveckan kunde vi l\u00e4sa om att <a title=\"SvD\" href=\"http:\/\/www.svd.se\/kulturnoje\/mer\/kulturdebatt\/genusmarkta-universitet-valkand-diktatortaktik_4080851.svd\" target=\"_blank\">Uppsala universitet<\/a> valt att ansluta sig till den politisering av forskning och undervisning som inneb\u00e4r den fria forskningens och kunskapsf\u00f6rmedlingens upph\u00f6rande, \u00e5tminstone inom human- och samh\u00e4llsvetenskaperna d\u00e4r vansinnet f\u00e5tt st\u00f6rst utbredning. Institutionerna skall allts\u00e5 genuscertifieras. Utifr\u00e5n de ideologiska f\u00f6rest\u00e4llningar som utg\u00f6r axiom f\u00f6r genusvetenskapen skall varje institution bed\u00f6mas och om de uppfyller kriterierna f\u00e5 en certifiering som visar att de s\u00e4tter politiska trender h\u00f6gre \u00e4n andens frihet och ackumulerandet av kunskap. Kanske \u00e4r det i och f\u00f6r sig inte s\u00e5 konstigt att universitetet som valt skalden Torilds ord \u201dAtt t\u00e4nka fritt \u00e4r stort\/ att t\u00e4nka r\u00e4tt \u00e4r st\u00f6rre\u201d som mott v\u00e4ljer att ansluta sig till denna typ av projekt.<\/p>\n<p>\u00a0<\/p>\n<p>Att moderaterna skulle ansluta sig till den radikalfeministiska samh\u00e4llsanalysen och dess j\u00e4mst\u00e4lldhetsdefinition har dock f\u00e5tt en och annan att h\u00f6ja p\u00e5 \u00f6gonbrynen. Tidigare har ungdomsf\u00f6rbundets ordf\u00f6rande Niklas Wykman vid ett flertal tillf\u00e4llen bevisat att han snarare h\u00f6r hemma i det r\u00f6da l\u00e4gret, men att moderpartiet nu g\u00f6r en ideologisk helomv\u00e4ndning m\u00e5ste \u00e4nd\u00e5 anses anm\u00e4rkningsv\u00e4rt.<\/p>\n<p>\u00a0<\/p>\n<p>Det finns n\u00e4mligen tv\u00e5 definitioner av j\u00e4mst\u00e4lldhet. Dels finns den liberala synen som g\u00f6r g\u00e4llande att alla individer, oavsett k\u00f6n, ska ha samma r\u00e4ttigheter och samma m\u00f6jligheter. Samh\u00e4llets uppgift \u00e4r att s\u00e4kra dessa m\u00f6jligheter och r\u00e4ttigheter, d\u00e4refter \u00e4r det upp till individen att sj\u00e4lv g\u00f6ra det mesta m\u00f6jliga av dem. Den liberala j\u00e4mst\u00e4lldhetsstr\u00e4van, som till exempel genomsyrade j\u00e4mst\u00e4lldhetskampen kring f\u00f6rra sekelskiftet med fr\u00e5gor som kvinnlig r\u00f6str\u00e4tt och lika arvsr\u00e4tt p\u00e5 programmet, genomsyrades av denna tanke. Den liberala synen p\u00e5 j\u00e4mst\u00e4lldhet ser meriter som den enda avg\u00f6rande faktorn vid exempelvis en rekrytering. Den g\u00f6r inte anspr\u00e5k p\u00e5 att kunna f\u00f6rklara hur stora eller sm\u00e5 skillnaderna mellan k\u00f6nen \u00e4r, eller ens om det finns s\u00e5dana. Den vill bara s\u00e4kra allas lika r\u00e4ttigheter och f\u00f6rhindra diskriminering.<\/p>\n<p>\u00a0<\/p>\n<p>Det var utifr\u00e5n denna j\u00e4mst\u00e4lldhetsdefinition som h\u00f6gskole- och forskningsminister Tobias Krantz (FP)h\u00e4romveckan aviserade att man skulle avskaffa den viktade lottningen vid antagningen till attraktiva universitetsutbildningar med oj\u00e4mn k\u00f6nsf\u00f6rdelning. Den viktade lottningen ans\u00e5gs n\u00e4mligen inte f\u00f6renlig med ett demokratiskt och individualistiskt samh\u00e4lle.<\/p>\n<p>\u00a0<\/p>\n<p>I ljuset av detta blir det extra f\u00f6rbluffande att moderaterna nu v\u00e4ljer att ansluta sig till den andra j\u00e4mst\u00e4lldhetsdefinitionen, den socialistiska, som \u00e4r direkt of\u00f6renlig med det syns\u00e4tt som Krantz f\u00f6retr\u00e4der. Som konstateras ovan handlar det socialistiska j\u00e4mst\u00e4lldhetsbegreppet om att reducera individer till sin k\u00f6nstillh\u00f6righet f\u00f6r att sedan med politiska tv\u00e5ngsmetoder som s\u00e4kerst\u00e4lla absolut statistisk j\u00e4mvikt. D\u00e4rav socialisternas vurm f\u00f6r exempelvis k\u00f6nskvotering. Ur ett liberalt perspektiv \u00e4r den statistiska f\u00f6rdelningen i sig inte intressant, f\u00f6rutsatt att alla har haft samma r\u00e4ttigheter och m\u00f6jligheter.<\/p>\n<p>\u00a0<\/p>\n<p>Jag tror att de nya moderaterna g\u00f6r ett stort strategiskt misstag n\u00e4r de nu \u00f6verg\u00e5r fr\u00e5n att l\u00e5ta f\u00f6rnyelsen handla om pragmatism i den praktiska politiken till ett <a title=\"Aftonbladet\" href=\"http:\/\/www.aftonbladet.se\/debatt\/debattamnen\/politik\/article6388853.ab\" target=\"_blank\">\u00f6vergivande av den allra innersta k\u00e4rnan i den egna ideologin<\/a>.<\/p>\n<p>\u00a0<\/p>\n<p>Politisk tankekontroll vid universiteten och ett politiskt etablissemang som likt l\u00e4mlar alla rusar \u00e5t samma h\u00e5ll. Vart ska detta sluta? Tur att <a title=\"Tanja Bergkvist\" href=\"http:\/\/tanjabergkvist.wordpress.com\/\" target=\"_blank\">Tanja Bergkvist<\/a> finns!<\/p>\n","protected":false},"excerpt":{"rendered":"<p>Moderaterna presenterar sin nya j\u00e4mst\u00e4lldhetsplattform och v\u00e4rlden h\u00e4pnar. Den liberal-konservativa id\u00e9traditionen d\u00e4r individen s\u00e4tts i centrum har l\u00e4mnats d\u00e4rh\u00e4n. Ist\u00e4llet \u00e4gnar man sig \u00e5t ren v\u00e4nsterretorik och triumferar i marxistiska[&#8230;]<\/p>\n","protected":false},"author":1,"featured_media":0,"comment_status":"open","ping_status":"open","sticky":false,"template":"","format":"standard","meta":{"ngg_post_thumbnail":0,"jetpack_publicize_message":"","jetpack_is_tweetstorm":false,"jetpack_publicize_feature_enabled":true,"jetpack_social_post_already_shared":false,"jetpack_social_options":{"image_generator_settings":{"template":"highway","enabled":false}}},"categories":[1],"tags":[],"jetpack_publicize_connections":[],"jetpack_featured_media_url":"","_links":{"self":[{"href":"https:\/\/www.larsandersjohansson.se\/index.php?rest_route=\/wp\/v2\/posts\/1073"}],"collection":[{"href":"https:\/\/www.larsandersjohansson.se\/index.php?rest_route=\/wp\/v2\/posts"}],"about":[{"href":"https:\/\/www.larsandersjohansson.se\/index.php?rest_route=\/wp\/v2\/types\/post"}],"author":[{"embeddable":true,"href":"https:\/\/www.larsandersjohansson.se\/index.php?rest_route=\/wp\/v2\/users\/1"}],"replies":[{"embeddable":true,"href":"https:\/\/www.larsandersjohansson.se\/index.php?rest_route=%2Fwp%2Fv2%2Fcomments&post=1073"}],"version-history":[{"count":0,"href":"https:\/\/www.larsandersjohansson.se\/index.php?rest_route=\/wp\/v2\/posts\/1073\/revisions"}],"wp:attachment":[{"href":"https:\/\/www.larsandersjohansson.se\/index.php?rest_route=%2Fwp%2Fv2%2Fmedia&parent=1073"}],"wp:term":[{"taxonomy":"category","embeddable":true,"href":"https:\/\/www.larsandersjohansson.se\/index.php?rest_route=%2Fwp%2Fv2%2Fcategories&post=1073"},{"taxonomy":"post_tag","embeddable":true,"href":"https:\/\/www.larsandersjohansson.se\/index.php?rest_route=%2Fwp%2Fv2%2Ftags&post=1073"}],"curies":[{"name":"wp","href":"https:\/\/api.w.org\/{rel}","templated":true}]}}