{"id":1430,"date":"2011-02-10T16:51:05","date_gmt":"2011-02-10T15:51:05","guid":{"rendered":"http:\/\/www.larsandersjohansson.se\/?p=1430"},"modified":"2011-02-10T16:51:05","modified_gmt":"2011-02-10T15:51:05","slug":"josefsson-avslojar-svenskar-arbetar-i-norge","status":"publish","type":"post","link":"https:\/\/www.larsandersjohansson.se\/?p=1430","title":{"rendered":"Josefsson avsl\u00f6jar: svenskar arbetar i Norge!"},"content":{"rendered":"<p>Jag undrar hur det g\u00e5r till n\u00e4r Uppdrag Gransknings redaktion best\u00e4mmer sig f\u00f6r vilka reportage de ska g\u00f6ra. Utg\u00e5r de fr\u00e5n n\u00e5gon slags diffus magk\u00e4nsla av att det r\u00e5der ett missf\u00f6rh\u00e5llande n\u00e5gonstans, packar sina kameror och \u00e5ker iv\u00e4g och filmar och \u00e4r sedan tvungna av ekonomiska sk\u00e4l att g\u00f6ra ett program av vad de f\u00e5r med sig hem? N\u00e5gonstans under arbetet med g\u00e5rdagens program om bananskalande svenska ungdomar i Norge borde det ha slagit Janne Josefsson att programid\u00e9n inte h\u00f6ll m\u00e5ttet.<\/p>\n<p><!--more-->De senaste \u00e5ren har Uppdrag gransknings h\u00f6ga profil som varandes landets fr\u00e4msta granskande samh\u00e4llsprogram f\u00e5tt sig \u00e5tskilliga t\u00f6rnar. G\u00e5rdagskv\u00e4llens minst sagt tunna soppa kokad p\u00e5 g\u00e4starbetande svenska ungdomar och deras bostadsf\u00f6rh\u00e5llanden i Oslo gjorde knappast att glorian sk\u00f6ts tillbaka p\u00e5 sin plats igen.<\/p>\n<p>Svenskar \u00e4r den st\u00f6rsta invandrargruppen i Norge, bara i Oslo bor \u00f6ver 40 000 svenskar, varav de flesta \u00e4r unga och arbetar med okvalificerade jobb. \u201dSvenskarna tar jobben som norrm\u00e4nnen ratar\u201d heter det i programmet och de svenska g\u00e4starbetarna j\u00e4mf\u00f6rs \u00e4n med de finska arbetskraftsinvandrarna i Sverige p\u00e5 60-talet, \u00e4n med \u00f6steuropeiska byggjobbare i Sverige idag. Janne Josefsson f\u00f6rfasar sig.<\/p>\n<p>Det \u00e4r f\u00f6rmodligen ingen dans p\u00e5 rosor att vara ung svensk g\u00e4starbetare i Norge. Marknadshyror r\u00e5der och bostadsstandarden \u00e4r l\u00e4gre \u00e4n vad vi \u00e4r vana vid i Sverige. Priserna p\u00e5 mat och konsumtionsvaror \u00e4r h\u00f6ga. De arbeten som st\u00e5r till buds f\u00f6r ung, okvalificerad arbetskraft \u00e4r, precis som i Sverige, oftast monotona och slitsamma. Men det finns trots allt jobb, och l\u00f6nerna \u00e4r h\u00f6gre \u00e4n i Sverige. D\u00e4rf\u00f6r v\u00e4ljer tiotusentals svenska ungdomar helt frivilligt att \u00e5ka \u00f6ver den skandinaviska bergsryggen f\u00f6r att under n\u00e5gra m\u00e5nader eller \u00e5r g\u00e4starbeta hos br\u00f6drafolket. De skalar hellre banan i Oslo \u00e4n g\u00e5r arbetsl\u00f6sa i Sverige och det hedrar dem.<\/p>\n<p>Det p\u00e5st\u00e5s i programmet att svenskarna tar de jobb som norrm\u00e4nnen inte vill ha. Det \u00e4r ingenting konstigt med det, det r\u00e5der arbetskraftsbrist i Norge och stor ungdomsarbetsl\u00f6shet i Sverige. De svenskar som \u00e5terv\u00e4nder till hemlandet efter att ha arbetat n\u00e5gra \u00e5r i grannlandet har f\u00f6rmodligen betydligt b\u00e4ttre utsikter p\u00e5 den svenska arbetsmarknaden \u00e4n deras br\u00f6der och systrar som g\u00e5tt och slagit dank h\u00e4r hemma under tiden.<\/p>\n<p>Det finns en latent ton av f\u00f6rm\u00e4tenhet i Josefssons ton genom reportaget. Han anklagar norrm\u00e4nnen f\u00f6r att h\u00e5lla sig f\u00f6r goda f\u00f6r att ta de s\u00e4msta jobben, men \u00e4r det inte i sj\u00e4lva verket s\u00e5 att han uppr\u00f6rs \u00f6ver att svenskar tar dem? Borde ocks\u00e5 svenskar h\u00e5lla sig f\u00f6r goda f\u00f6r att skala banan? Inst\u00e4llningen erinrar om den svenska debatten om McJobs d\u00e4r f\u00f6retr\u00e4dare f\u00f6r det svenska politiska etablissemanget gav uttryck f\u00f6r st\u00e5ndpunkten att det var v\u00e4rdigare f\u00f6r unga att leva i ers\u00e4ttningssystem eller arbetsmarknadspolitiska \u00e5tg\u00e4rder \u00e4n att arbeta p\u00e5 McDonalds eller motsvarande.<\/p>\n<p>Det stora problemet, som Josefsson bara snuddar vid, \u00e4r inte att det finns f\u00f6r m\u00e5nga arbetstillf\u00e4llen \u00e5t unga i Norge utan att det finns f\u00f6r f\u00e5 i Sverige. Skulle den norska arbetsmarknaden f\u00e5 konkurrens fr\u00e5n den svenska skulle f\u00f6rmodligen ocks\u00e5 l\u00f6nerna stiga och villkoren f\u00f6rb\u00e4ttras. Att de norska ungdomarna inte vill skala bananer eller st\u00e5 i kaf\u00e9er \u00e4r knappast n\u00e5got som hedrar dem.<\/p>\n","protected":false},"excerpt":{"rendered":"<p>Jag undrar hur det g\u00e5r till n\u00e4r Uppdrag Gransknings redaktion best\u00e4mmer sig f\u00f6r vilka reportage de ska g\u00f6ra. Utg\u00e5r de fr\u00e5n n\u00e5gon slags diffus magk\u00e4nsla av att det r\u00e5der ett[&#8230;]<\/p>\n","protected":false},"author":1,"featured_media":0,"comment_status":"open","ping_status":"open","sticky":false,"template":"","format":"standard","meta":{"ngg_post_thumbnail":0,"jetpack_publicize_message":"","jetpack_is_tweetstorm":false,"jetpack_publicize_feature_enabled":true,"jetpack_social_post_already_shared":false,"jetpack_social_options":{"image_generator_settings":{"template":"highway","enabled":false}}},"categories":[1],"tags":[],"jetpack_publicize_connections":[],"jetpack_featured_media_url":"","_links":{"self":[{"href":"https:\/\/www.larsandersjohansson.se\/index.php?rest_route=\/wp\/v2\/posts\/1430"}],"collection":[{"href":"https:\/\/www.larsandersjohansson.se\/index.php?rest_route=\/wp\/v2\/posts"}],"about":[{"href":"https:\/\/www.larsandersjohansson.se\/index.php?rest_route=\/wp\/v2\/types\/post"}],"author":[{"embeddable":true,"href":"https:\/\/www.larsandersjohansson.se\/index.php?rest_route=\/wp\/v2\/users\/1"}],"replies":[{"embeddable":true,"href":"https:\/\/www.larsandersjohansson.se\/index.php?rest_route=%2Fwp%2Fv2%2Fcomments&post=1430"}],"version-history":[{"count":3,"href":"https:\/\/www.larsandersjohansson.se\/index.php?rest_route=\/wp\/v2\/posts\/1430\/revisions"}],"predecessor-version":[{"id":1433,"href":"https:\/\/www.larsandersjohansson.se\/index.php?rest_route=\/wp\/v2\/posts\/1430\/revisions\/1433"}],"wp:attachment":[{"href":"https:\/\/www.larsandersjohansson.se\/index.php?rest_route=%2Fwp%2Fv2%2Fmedia&parent=1430"}],"wp:term":[{"taxonomy":"category","embeddable":true,"href":"https:\/\/www.larsandersjohansson.se\/index.php?rest_route=%2Fwp%2Fv2%2Fcategories&post=1430"},{"taxonomy":"post_tag","embeddable":true,"href":"https:\/\/www.larsandersjohansson.se\/index.php?rest_route=%2Fwp%2Fv2%2Ftags&post=1430"}],"curies":[{"name":"wp","href":"https:\/\/api.w.org\/{rel}","templated":true}]}}