{"id":1641,"date":"2011-04-14T13:20:21","date_gmt":"2011-04-14T11:20:21","guid":{"rendered":"http:\/\/www.larsandersjohansson.se\/?p=1641"},"modified":"2014-06-01T18:43:54","modified_gmt":"2014-06-01T16:43:54","slug":"skriver-i-vasterviks-tidningen-om-skolans-svek","status":"publish","type":"post","link":"https:\/\/www.larsandersjohansson.se\/?p=1641","title":{"rendered":"Skriver i V\u00e4sterviks-Tidningen om skolans svek"},"content":{"rendered":"<p>I min <a title=\"VT\" href=\"http:\/\/www.vt.se\/debatt\/kolumn\/artikel.aspx?articleid=5889428\" target=\"_blank\">senaste kolumn i V\u00e4sterviks-Tidningen<\/a> ber\u00f6r jag samma problemst\u00e4llning som jag tidigare tagit upp h\u00e4r p\u00e5 bloggen under rubriken <a title=\"Sveket mot de svagaste\" href=\"https:\/\/www.larsandersjohansson.se\/?p=1614\" target=\"_blank\">Sveket mot de svagaste<\/a>. Genom att f\u00f6rsumma l\u00e4sningen av litteratur l\u00e4mnar den svenska skolan de elever som kommer fr\u00e5n l\u00e5gutbildade eller obildade familjer i sticket.<\/p>\n","protected":false},"excerpt":{"rendered":"<p>I min senaste kolumn i V\u00e4sterviks-Tidningen ber\u00f6r jag samma problemst\u00e4llning som jag tidigare tagit upp h\u00e4r p\u00e5 bloggen under rubriken Sveket mot de svagaste. Genom att f\u00f6rsumma l\u00e4sningen av litteratur[&#8230;]<\/p>\n","protected":false},"author":1,"featured_media":0,"comment_status":"open","ping_status":"open","sticky":false,"template":"","format":"standard","meta":{"ngg_post_thumbnail":0,"jetpack_publicize_message":"","jetpack_is_tweetstorm":false,"jetpack_publicize_feature_enabled":true,"jetpack_social_post_already_shared":false,"jetpack_social_options":{"image_generator_settings":{"template":"highway","enabled":false}}},"categories":[20,11,7,4],"tags":[],"jetpack_publicize_connections":[],"jetpack_featured_media_url":"","_links":{"self":[{"href":"https:\/\/www.larsandersjohansson.se\/index.php?rest_route=\/wp\/v2\/posts\/1641"}],"collection":[{"href":"https:\/\/www.larsandersjohansson.se\/index.php?rest_route=\/wp\/v2\/posts"}],"about":[{"href":"https:\/\/www.larsandersjohansson.se\/index.php?rest_route=\/wp\/v2\/types\/post"}],"author":[{"embeddable":true,"href":"https:\/\/www.larsandersjohansson.se\/index.php?rest_route=\/wp\/v2\/users\/1"}],"replies":[{"embeddable":true,"href":"https:\/\/www.larsandersjohansson.se\/index.php?rest_route=%2Fwp%2Fv2%2Fcomments&post=1641"}],"version-history":[{"count":3,"href":"https:\/\/www.larsandersjohansson.se\/index.php?rest_route=\/wp\/v2\/posts\/1641\/revisions"}],"predecessor-version":[{"id":1644,"href":"https:\/\/www.larsandersjohansson.se\/index.php?rest_route=\/wp\/v2\/posts\/1641\/revisions\/1644"}],"wp:attachment":[{"href":"https:\/\/www.larsandersjohansson.se\/index.php?rest_route=%2Fwp%2Fv2%2Fmedia&parent=1641"}],"wp:term":[{"taxonomy":"category","embeddable":true,"href":"https:\/\/www.larsandersjohansson.se\/index.php?rest_route=%2Fwp%2Fv2%2Fcategories&post=1641"},{"taxonomy":"post_tag","embeddable":true,"href":"https:\/\/www.larsandersjohansson.se\/index.php?rest_route=%2Fwp%2Fv2%2Ftags&post=1641"}],"curies":[{"name":"wp","href":"https:\/\/api.w.org\/{rel}","templated":true}]}}