{"id":2622,"date":"2011-12-28T16:13:44","date_gmt":"2011-12-28T15:13:44","guid":{"rendered":"http:\/\/www.larsandersjohansson.se\/?p=2622"},"modified":"2011-12-28T16:13:44","modified_gmt":"2011-12-28T15:13:44","slug":"vem-bryr-sig-om-slussen","status":"publish","type":"post","link":"https:\/\/www.larsandersjohansson.se\/?p=2622","title":{"rendered":"Vem bryr sig om Slussen"},"content":{"rendered":"<p style=\"text-align: center;\"><strong>Vem bryr sig om Slussen (n\u00e4r R\u00e5sunda rivs)<\/strong><\/p>\n<p style=\"text-align: center;\">I Stockholm g\u00e5r \u00e4nnu debattv\u00e5gor h\u00f6ga,<br \/> fast\u00e4n man i stadshuset tagit beslut.<br \/>D\u00e5 s\u00e5na processer \u00e4r synnerligen tr\u00f6ga<br \/> kan borgarr\u00e5det \u00e4ntligen pusta ut.<br \/> Men i innerstans subventionerade hyresr\u00e4tter<br \/> d\u00e4r dunkar man ilsket sina n\u00e4var i bord<br \/> och f\u00f6rfattar i vrede de ilskna pamfletter<br \/> d\u00e4r man knappast heller skr\u00e4der sina ord.<\/p>\n<p style=\"text-align: center;\"><!--more-->Vad \u00e4r det som f\u00e5r dem att vredgas och skriva<br \/> att k\u00e4nna s\u00e5n ilska, s\u00e5nt hat och s\u00e5n sorg?<br \/>\u00c4r det f\u00f6r att staden best\u00e4mt man ska riva<br \/> en sliten trafikplats vid S\u00f6dermalmstorg?<br \/> Man j\u00e4mf\u00f6r den g\u00e4rna med Klarakvarteren<br \/> men ser ej att Slussen \u00e4r ett barn av samma tid,<br \/> att bygget var en del av den &#8221;citysanering&#8221;<br \/> mot vilken man fordom stod upp och tog strid.<\/p>\n<p style=\"text-align: center;\">Men s\u00e4ga vad man vill om Slussendebatten,<br \/> det finns v\u00e4rre saker som sker runtomkring,<br \/>klenoder som g\u00e5r in i den eviga natten<br \/> f\u00f6r att makthavare ej f\u00f6rst\u00e5r n\u00e5gonting.<br \/> Jag t\u00e4nker p\u00e5 Solna, p\u00e5 R\u00e5sunda stadion<br \/> d\u00e4r Gnaget har spelat sen nittonhundratrettisju<br \/> och landslaget \u00e4ven, men nu h\u00f6r jag p\u00e5 radion<br \/> att man \u00e4mnar riva denna helgedom nu.<\/p>\n<p style=\"text-align: center;\">Det \u00e4r pamparna i Solna och i f\u00f6rbundet som fattat<br \/> beslut, fast det saknas publikunderlag,<br \/> om ett skrytbygge &#8211; en process som man rattat<br \/> med mutor och mygel intill denna dag<br \/> och fast det \u00e4r fansen som f\u00f6rv\u00e4ntas betala<br \/> sattes spaden i jorden utan att man fr\u00e5gat oss.<br \/>Inf\u00f6r fullbordat faktum f\u00f6rst fick vi tala<br \/> och d\u00e5 var R\u00e5sunda f\u00f6r dyrt f\u00f6r att k\u00f6pas loss.<\/p>\n<p style=\"text-align: center;\">Hur det kunnat bli s\u00e5 h\u00e4r \u00e4r mig en g\u00e5ta<br \/> men en sak i sammanhanget vet jag r\u00e4tt v\u00e4l<br \/> att n\u00e4r dagen \u00e4r inne kommer vuxna m\u00e4n gr\u00e5ta<br \/> n\u00e4r skoporna tar betongen d\u00e4r vi lagt ned v\u00e5r sj\u00e4l.<br \/> Det kommer att bli sv\u00e5rt att h\u00e5lla \u00f6gonen torra,<br \/> det \u00e4r det redan nu n\u00e4r dessa rader skrivs<br \/> v\u00e4rst blir det n\u00e4r maskinerna n\u00e4rmar sig Norra.<br \/> Vem bryr sig om Slussen, n\u00e4r R\u00e5sunda rivs!<\/p>\n<p style=\"text-align: right;\"><strong>Lars Anders Johansson<\/strong><\/p>\n","protected":false},"excerpt":{"rendered":"<p>Vem bryr sig om Slussen (n\u00e4r R\u00e5sunda rivs) I Stockholm g\u00e5r \u00e4nnu debattv\u00e5gor h\u00f6ga, fast\u00e4n man i stadshuset tagit beslut.D\u00e5 s\u00e5na processer \u00e4r synnerligen tr\u00f6ga kan borgarr\u00e5det \u00e4ntligen pusta ut.[&#8230;]<\/p>\n","protected":false},"author":1,"featured_media":0,"comment_status":"open","ping_status":"open","sticky":false,"template":"","format":"standard","meta":{"ngg_post_thumbnail":0,"jetpack_publicize_message":"","jetpack_is_tweetstorm":false,"jetpack_publicize_feature_enabled":true,"jetpack_social_post_already_shared":false,"jetpack_social_options":{"image_generator_settings":{"template":"highway","enabled":false}}},"categories":[13,4,9],"tags":[],"jetpack_publicize_connections":[],"jetpack_featured_media_url":"","_links":{"self":[{"href":"https:\/\/www.larsandersjohansson.se\/index.php?rest_route=\/wp\/v2\/posts\/2622"}],"collection":[{"href":"https:\/\/www.larsandersjohansson.se\/index.php?rest_route=\/wp\/v2\/posts"}],"about":[{"href":"https:\/\/www.larsandersjohansson.se\/index.php?rest_route=\/wp\/v2\/types\/post"}],"author":[{"embeddable":true,"href":"https:\/\/www.larsandersjohansson.se\/index.php?rest_route=\/wp\/v2\/users\/1"}],"replies":[{"embeddable":true,"href":"https:\/\/www.larsandersjohansson.se\/index.php?rest_route=%2Fwp%2Fv2%2Fcomments&post=2622"}],"version-history":[{"count":3,"href":"https:\/\/www.larsandersjohansson.se\/index.php?rest_route=\/wp\/v2\/posts\/2622\/revisions"}],"predecessor-version":[{"id":2625,"href":"https:\/\/www.larsandersjohansson.se\/index.php?rest_route=\/wp\/v2\/posts\/2622\/revisions\/2625"}],"wp:attachment":[{"href":"https:\/\/www.larsandersjohansson.se\/index.php?rest_route=%2Fwp%2Fv2%2Fmedia&parent=2622"}],"wp:term":[{"taxonomy":"category","embeddable":true,"href":"https:\/\/www.larsandersjohansson.se\/index.php?rest_route=%2Fwp%2Fv2%2Fcategories&post=2622"},{"taxonomy":"post_tag","embeddable":true,"href":"https:\/\/www.larsandersjohansson.se\/index.php?rest_route=%2Fwp%2Fv2%2Ftags&post=2622"}],"curies":[{"name":"wp","href":"https:\/\/api.w.org\/{rel}","templated":true}]}}