{"id":2795,"date":"2012-03-12T14:05:20","date_gmt":"2012-03-12T13:05:20","guid":{"rendered":"http:\/\/www.larsandersjohansson.se\/?p=2795"},"modified":"2012-03-12T14:15:01","modified_gmt":"2012-03-12T13:15:01","slug":"grattis-pa-fodelsedagen-master-taube","status":"publish","type":"post","link":"https:\/\/www.larsandersjohansson.se\/?p=2795","title":{"rendered":"Grattis p\u00e5 f\u00f6delsedagen m\u00e4ster Taube"},"content":{"rendered":"<p>Om Evert Taube hade varit vid liv skulle han idag ha fyllt 122. Det hade varit en remarkabelt h\u00f6g \u00e5lder. Men \u00e4ven de 86 som skalden de facto uppn\u00e5dde \u00e4r en aktningsv\u00e4rd \u00e5lder. Under sin l\u00e5nga verksamma period lyckades Evert Taube binda samman det 1890-tal han f\u00f6ddes i och vars kultursyn han var ett barn av med det moderna Sverige.<\/p>\n<p><!--more-->S\u00e5 traditionalist han var blev Taube den svenska visans stora f\u00f6rnyare som banade v\u00e4g f\u00f6r 60- och 70-talens visv\u00e5g. Taube blev l\u00e4nken mellan 1800-talets luts\u00e5ngare och dagens popul\u00e4rmusik. Med honom f\u00f6rdes s\u00e5v\u00e4l latinska rytmer som kontinentala valser in i en s\u00e5ngtradition som l\u00e4nge dominerats av \u00e5 ena sidan folkvisetoner och \u00e5 andra sidan franskdoftande Bellmanneri.<\/p>\n<p>Taube \u00e5terkn\u00f6t ocks\u00e5 i likhet med Bellman visdiktningen till den stora litter\u00e4ra tradition med avstamp i antiken som ocks\u00e5 Cornelis Vreeswijk tog fasta p\u00e5. Dagens svenska viss\u00e5ngare och vispublik st\u00e5r i en tacksamhetsskuld till Evert Taube som inte motsvaras av n\u00e5gon annan enskild diktare, m\u00f6jligen med undantag av Bellman sj\u00e4lv.<\/p>\n<p>Hatten av f\u00f6r m\u00e5laren, poeten, f\u00f6rfattaren, visdiktaren och s\u00e5ngaren!<\/p>\n<p>\u00a0<a href=\"https:\/\/www.larsandersjohansson.se\/wordpress\/wp-content\/uploads\/2011\/11\/20111118-165236.jpg\"><img decoding=\"async\" loading=\"lazy\" class=\"aligncenter size-large wp-image-2497\" title=\"Taube\" src=\"https:\/\/www.larsandersjohansson.se\/wordpress\/wp-content\/uploads\/2011\/11\/20111118-165236-1024x764.jpg\" alt=\"\" width=\"640\" height=\"477\" srcset=\"https:\/\/www.larsandersjohansson.se\/wordpress\/wp-content\/uploads\/2011\/11\/20111118-165236-1024x764.jpg 1024w, https:\/\/www.larsandersjohansson.se\/wordpress\/wp-content\/uploads\/2011\/11\/20111118-165236-300x224.jpg 300w\" sizes=\"(max-width: 640px) 100vw, 640px\" \/><\/a><\/p>\n","protected":false},"excerpt":{"rendered":"<p>Om Evert Taube hade varit vid liv skulle han idag ha fyllt 122. Det hade varit en remarkabelt h\u00f6g \u00e5lder. Men \u00e4ven de 86 som skalden de facto uppn\u00e5dde \u00e4r[&#8230;]<\/p>\n","protected":false},"author":1,"featured_media":0,"comment_status":"open","ping_status":"open","sticky":false,"template":"","format":"standard","meta":{"ngg_post_thumbnail":0,"jetpack_publicize_message":"","jetpack_is_tweetstorm":false,"jetpack_publicize_feature_enabled":true,"jetpack_social_post_already_shared":false,"jetpack_social_options":{"image_generator_settings":{"template":"highway","enabled":false}}},"categories":[11,7],"tags":[],"jetpack_publicize_connections":[],"jetpack_featured_media_url":"","_links":{"self":[{"href":"https:\/\/www.larsandersjohansson.se\/index.php?rest_route=\/wp\/v2\/posts\/2795"}],"collection":[{"href":"https:\/\/www.larsandersjohansson.se\/index.php?rest_route=\/wp\/v2\/posts"}],"about":[{"href":"https:\/\/www.larsandersjohansson.se\/index.php?rest_route=\/wp\/v2\/types\/post"}],"author":[{"embeddable":true,"href":"https:\/\/www.larsandersjohansson.se\/index.php?rest_route=\/wp\/v2\/users\/1"}],"replies":[{"embeddable":true,"href":"https:\/\/www.larsandersjohansson.se\/index.php?rest_route=%2Fwp%2Fv2%2Fcomments&post=2795"}],"version-history":[{"count":4,"href":"https:\/\/www.larsandersjohansson.se\/index.php?rest_route=\/wp\/v2\/posts\/2795\/revisions"}],"predecessor-version":[{"id":2798,"href":"https:\/\/www.larsandersjohansson.se\/index.php?rest_route=\/wp\/v2\/posts\/2795\/revisions\/2798"}],"wp:attachment":[{"href":"https:\/\/www.larsandersjohansson.se\/index.php?rest_route=%2Fwp%2Fv2%2Fmedia&parent=2795"}],"wp:term":[{"taxonomy":"category","embeddable":true,"href":"https:\/\/www.larsandersjohansson.se\/index.php?rest_route=%2Fwp%2Fv2%2Fcategories&post=2795"},{"taxonomy":"post_tag","embeddable":true,"href":"https:\/\/www.larsandersjohansson.se\/index.php?rest_route=%2Fwp%2Fv2%2Ftags&post=2795"}],"curies":[{"name":"wp","href":"https:\/\/api.w.org\/{rel}","templated":true}]}}