{"id":3009,"date":"2012-07-03T08:00:59","date_gmt":"2012-07-03T06:00:59","guid":{"rendered":"http:\/\/www.larsandersjohansson.se\/?p=3009"},"modified":"2014-06-01T18:25:17","modified_gmt":"2014-06-01T16:25:17","slug":"lordagsessa-om-historielosa-direktorer","status":"publish","type":"post","link":"https:\/\/www.larsandersjohansson.se\/?p=3009","title":{"rendered":"L\u00f6rdagsess\u00e4 om historiel\u00f6sa direkt\u00f6rer"},"content":{"rendered":"<p>I min <a title=\"Barometern\" href=\"http:\/\/www.barometern.se\/ledare\/nar-hjarnkontoret-flyttar(3335020).gm\" target=\"_blank\">senaste l\u00f6rdagsess\u00e4<\/a> i Barometern Oskarshamns-Tidningen skriver jag om hur direkt\u00f6rer utan k\u00e4nsla f\u00f6r sina koncerners historia v\u00e4ljer att, f\u00f6r att travestera Karlfeldt, rycka upp dem som \u00f6rter ur deras groningsgrund, och flytta huvudkontoren fr\u00e5n de orter d\u00e4r de legat i m\u00e5nga fall i \u00f6ver ett och ett halvt sekel.<\/p>\n<p>\u00a0Det \u00e4r givetvis f\u00f6r\u00f6dande f\u00f6r bruksorterna som drabbas, men ocks\u00e5 f\u00f6r f\u00f6retagen. Sverige har en l\u00e5ng och stolt n\u00e4ringslivshistoria som det finns sk\u00e4l att v\u00e4rna om, ocks\u00e5 av ekonomiskt rationella sk\u00e4l, men som av den nya tidens direkt\u00f6rer ofta kastas p\u00e5 soph\u00f6gen.<\/p>\n","protected":false},"excerpt":{"rendered":"<p>I min senaste l\u00f6rdagsess\u00e4 i Barometern Oskarshamns-Tidningen skriver jag om hur direkt\u00f6rer utan k\u00e4nsla f\u00f6r sina koncerners historia v\u00e4ljer att, f\u00f6r att travestera Karlfeldt, rycka upp dem som \u00f6rter ur[&#8230;]<\/p>\n","protected":false},"author":1,"featured_media":0,"comment_status":"open","ping_status":"open","sticky":false,"template":"","format":"standard","meta":{"ngg_post_thumbnail":0,"jetpack_publicize_message":"","jetpack_is_tweetstorm":false,"jetpack_publicize_feature_enabled":true,"jetpack_social_post_already_shared":false,"jetpack_social_options":{"image_generator_settings":{"template":"highway","enabled":false}}},"categories":[20,7],"tags":[],"jetpack_publicize_connections":[],"jetpack_featured_media_url":"","_links":{"self":[{"href":"https:\/\/www.larsandersjohansson.se\/index.php?rest_route=\/wp\/v2\/posts\/3009"}],"collection":[{"href":"https:\/\/www.larsandersjohansson.se\/index.php?rest_route=\/wp\/v2\/posts"}],"about":[{"href":"https:\/\/www.larsandersjohansson.se\/index.php?rest_route=\/wp\/v2\/types\/post"}],"author":[{"embeddable":true,"href":"https:\/\/www.larsandersjohansson.se\/index.php?rest_route=\/wp\/v2\/users\/1"}],"replies":[{"embeddable":true,"href":"https:\/\/www.larsandersjohansson.se\/index.php?rest_route=%2Fwp%2Fv2%2Fcomments&post=3009"}],"version-history":[{"count":3,"href":"https:\/\/www.larsandersjohansson.se\/index.php?rest_route=\/wp\/v2\/posts\/3009\/revisions"}],"predecessor-version":[{"id":3011,"href":"https:\/\/www.larsandersjohansson.se\/index.php?rest_route=\/wp\/v2\/posts\/3009\/revisions\/3011"}],"wp:attachment":[{"href":"https:\/\/www.larsandersjohansson.se\/index.php?rest_route=%2Fwp%2Fv2%2Fmedia&parent=3009"}],"wp:term":[{"taxonomy":"category","embeddable":true,"href":"https:\/\/www.larsandersjohansson.se\/index.php?rest_route=%2Fwp%2Fv2%2Fcategories&post=3009"},{"taxonomy":"post_tag","embeddable":true,"href":"https:\/\/www.larsandersjohansson.se\/index.php?rest_route=%2Fwp%2Fv2%2Ftags&post=3009"}],"curies":[{"name":"wp","href":"https:\/\/api.w.org\/{rel}","templated":true}]}}