{"id":3225,"date":"2012-09-30T20:17:12","date_gmt":"2012-09-30T18:17:12","guid":{"rendered":"http:\/\/www.larsandersjohansson.se\/?p=3225"},"modified":"2014-06-01T18:21:40","modified_gmt":"2014-06-01T16:21:40","slug":"nar-sjalva-resan-blir-en-del-av-malet","status":"publish","type":"post","link":"https:\/\/www.larsandersjohansson.se\/?p=3225","title":{"rendered":"N\u00e4r sj\u00e4lva resan blir en del av m\u00e5let"},"content":{"rendered":"<p>Ni som f\u00f6ljt mitt bloggande under en l\u00e4ngre tid \u00e4r s\u00e4kert v\u00e4lbekanta med det faktum att jag och SJ inte kommer s\u00e4rskilt v\u00e4l \u00f6verens. Jag har i en rad inl\u00e4gg ondgjort mig \u00f6ver SJ:s bristande f\u00f6rm\u00e5ga att leverera den utlovade produkten till sina kunder, och underl\u00e5tenheten att kompensera dessa vid de talrika tillf\u00e4llen det brister. Faktum \u00e4r att det har g\u00e5tt s\u00e5 l\u00e5ngt att SJ:s s\u00e4tt att bem\u00f6ta sina kunder f\u00f6rtagit sj\u00e4lva gl\u00e4djen i att resa med t\u00e5g &#8211; n\u00e5gonting som jag egentligen storligen uppskattar &#8211; \u00e4nda sedan barndomens resor med \u00e5ngdrivna museit\u00e5g, frekventa bes\u00f6k p\u00e5 J\u00e4rnv\u00e4gsmus\u00e9et i G\u00e4vle och byggande med M\u00e4rklint\u00e5g.<\/p>\n<p><!--more--> <a href=\"https:\/\/www.larsandersjohansson.se\/wordpress\/wp-content\/uploads\/2012\/09\/20120930-200518.jpg\"><img decoding=\"async\" loading=\"lazy\" class=\"alignleft size-medium wp-image-3227\" title=\"Bl\u00e5 T\u00e5get\" src=\"https:\/\/www.larsandersjohansson.se\/wordpress\/wp-content\/uploads\/2012\/09\/20120930-200518-300x224.jpg\" alt=\"\" width=\"300\" height=\"224\" srcset=\"https:\/\/www.larsandersjohansson.se\/wordpress\/wp-content\/uploads\/2012\/09\/20120930-200518-300x224.jpg 300w, https:\/\/www.larsandersjohansson.se\/wordpress\/wp-content\/uploads\/2012\/09\/20120930-200518.jpg 1024w\" sizes=\"(max-width: 300px) 100vw, 300px\" \/><\/a>N\u00e4r jag i helgen skulle resa ned till G\u00f6teborg ville jag i m\u00f6jligaste m\u00e5n undvika att \u00e5ka med SJ av ovanst\u00e5ende sk\u00e4l. Bil, som annars tillh\u00f6r mina favoritf\u00e4rdmedel, gick bort eftersom jag beh\u00f6vde kunna arbeta under f\u00e4rden. Det finns ocks\u00e5 milj\u00f6argument f\u00f6r att v\u00e4lja t\u00e5get framf\u00f6r bilen. Av samma anledning undviker jag inrikesflyget. \u00c4ven om man ju kan tycka att det \u00e4r snabbt och smidigt s\u00e5 g\u00e5r det n\u00e4stan aldrig att f\u00e5 n\u00e5got vettigt utr\u00e4ttat p\u00e5 ett flygplan, s\u00e4rskilt inte tr\u00e5nga inrikesplan. Detta i kombination med b\u00f6kig transfer till och fr\u00e5n flygplatser och f\u00f6rnedring och kr\u00e5ngel i samband med s\u00e4kerhetskontrollerna g\u00f6r att jag trots allt hellre v\u00e4ljer t\u00e5get.<\/p>\n<p>En l\u00e5ng tid har jag sneglat \u00e5t de l\u00e4ckert m\u00f6rkbl\u00e5 vagnarna fr\u00e5n Skandinaviska J\u00e4rnbanor som stundtals st\u00e5r inne p\u00e5 Uppsala station. Eftersom detta bolag endast trafikerar str\u00e4ckan Uppsala-G\u00f6teborg (en g\u00e5ng om dagen i vardera riktning med stopp i Stockholm, Hallsberg och Sk\u00f6vde)k\u00e4ndes detta som ett utm\u00e4rkt tillf\u00e4lle att ge det en chans.<\/p>\n<p>N\u00e4r jag ringde och bokade biljett fr\u00e5gade damen i telefonen om jag ville ha en f\u00f6rsta eller andraklassbiljett. Jag undrade d\u00e5 vilka f\u00f6rm\u00e5ner man hade av att \u00e5ka f\u00f6rsta klass och fick svaret att man d\u00e4r fick gratis mousserande vin, kaffe och svala handdukar. Eftersom priset bara skilde 200 kronor var det taget. Skall man testa n\u00e5gonting s\u00e5 ska man g\u00f6ra det ordentligt! Det verkligt h\u00e4pnadsv\u00e4ckande i sammanhanget \u00e4r att det \u00e4nd\u00e5 blev billigare \u00e4n om jag hade rest i andra klass hos SJ (det hade f\u00f6rvisso \u00e4ven varit billigare att ta bilen ned eller att flyga \u2026).<\/p>\n<p><a href=\"https:\/\/www.larsandersjohansson.se\/wordpress\/wp-content\/uploads\/2012\/09\/20120930-200554.jpg\"><img decoding=\"async\" loading=\"lazy\" class=\"alignleft size-medium wp-image-3229\" title=\"Bl\u00e5 T\u00e5get\" src=\"https:\/\/www.larsandersjohansson.se\/wordpress\/wp-content\/uploads\/2012\/09\/20120930-200554-224x300.jpg\" alt=\"\" width=\"224\" height=\"300\" srcset=\"https:\/\/www.larsandersjohansson.se\/wordpress\/wp-content\/uploads\/2012\/09\/20120930-200554-224x300.jpg 224w, https:\/\/www.larsandersjohansson.se\/wordpress\/wp-content\/uploads\/2012\/09\/20120930-200554.jpg 765w\" sizes=\"(max-width: 224px) 100vw, 224px\" \/><\/a>V\u00e4l ombord m\u00f6ttes jag av en charmig atmosf\u00e4r \u00e1 la gamla intercityt\u00e5g. Det var lite som att f\u00f6rflyttas till 1950-talet (s\u00e5som jag f\u00f6rest\u00e4ller mig) vilket onekligen \u00e4r betydligt mer tilltalande \u00e4n den f\u00f6rflyttning till 1990-talet som man f\u00e5r uppleva hos SJ.<\/p>\n<p>Det r\u00f6r sig allts\u00e5 inte om n\u00e5gon h\u00e4pnadsv\u00e4ckande lyxu\u00f6s milj\u00f6 i still med Orientexpressen, men avsev\u00e4rt trevligare \u00e4n p\u00e5 SJ:s t\u00e5g.<\/p>\n<p>S\u00e4tena i f\u00f6rsta klass var stora och mjuka, men jag noterade att man \u00e4ven i andra klass hade t\u00e4mligen spati\u00f6st benutrymme och breda f\u00e5t\u00f6ljer, tv\u00e5 p\u00e5 ena sidan g\u00e5ngen och en p\u00e5 den andra.<\/p>\n<p>Skillnaden i komfort var inte j\u00e4ttestor mellan f\u00f6rsta och andra klass.F\u00f6rm\u00e5nerna bestod som sagt i att man fick kaffe, mousserande vin, vatten, frukt, tidningar och svala handdukar.<\/p>\n<p><a href=\"https:\/\/www.larsandersjohansson.se\/wordpress\/wp-content\/uploads\/2012\/09\/20120930-200609.jpg\"><img decoding=\"async\" loading=\"lazy\" class=\"alignright size-medium wp-image-3230\" title=\"Bl\u00e5 T\u00e5get\" src=\"https:\/\/www.larsandersjohansson.se\/wordpress\/wp-content\/uploads\/2012\/09\/20120930-200609-224x300.jpg\" alt=\"\" width=\"224\" height=\"300\" srcset=\"https:\/\/www.larsandersjohansson.se\/wordpress\/wp-content\/uploads\/2012\/09\/20120930-200609-224x300.jpg 224w, https:\/\/www.larsandersjohansson.se\/wordpress\/wp-content\/uploads\/2012\/09\/20120930-200609.jpg 765w\" sizes=\"(max-width: 224px) 100vw, 224px\" \/><\/a>Ett av de tyngsta argumenten f\u00f6r Bl\u00e5 T\u00e5get \u00e4r trots allt att de har en restaurangvagn med riktigt k\u00f6k, d\u00e4r riktiga kockar lagar maten ombord efter att man har best\u00e4llt. Man sitter vid bord med vita dukar och \u00e4ter p\u00e5 riktigt porslin.<\/p>\n<p>Menyn \u00e4r av f\u00f6rst\u00e5eliga sk\u00e4l n\u00e5got begr\u00e4nsad, men det fanns \u00e4nd\u00e5 fyra huvudr\u00e4tter att v\u00e4lja mellan. Jag testade deras tre r\u00e4tters h\u00f6stmeny som erbj\u00f6ds till det facila priset av 350 kronor.<\/p>\n<p>Maten var habilt lagad, men skulle jag ha f\u00e5tt den p\u00e5 en restaurang hade jag m\u00f6jligen blivit aningen besviken.<\/p>\n<p><a href=\"https:\/\/www.larsandersjohansson.se\/wordpress\/wp-content\/uploads\/2012\/09\/20120930-200626.jpg\"><img decoding=\"async\" loading=\"lazy\" class=\"alignleft size-medium wp-image-3231\" title=\"Bl\u00e5 T\u00e5get\" src=\"https:\/\/www.larsandersjohansson.se\/wordpress\/wp-content\/uploads\/2012\/09\/20120930-200626-300x224.jpg\" alt=\"\" width=\"300\" height=\"224\" srcset=\"https:\/\/www.larsandersjohansson.se\/wordpress\/wp-content\/uploads\/2012\/09\/20120930-200626-300x224.jpg 300w, https:\/\/www.larsandersjohansson.se\/wordpress\/wp-content\/uploads\/2012\/09\/20120930-200626.jpg 1024w\" sizes=\"(max-width: 300px) 100vw, 300px\" \/><\/a>Men n\u00e5gra stj\u00e4rnkrogsf\u00f6rv\u00e4ntningar kanske man inte heller ska ha. Det var absolut inte d\u00e5ligt, och helt klart b\u00e4ttre \u00e4n n\u00e5got jag har \u00e4tit ombord p\u00e5 ett t\u00e5g i Sverige.<\/p>\n<p>I kombination med den trevliga inramningen utgjorde middagen en stor del av beh\u00e5llningen med resan.<\/p>\n<p>&nbsp;<\/p>\n<p><a href=\"https:\/\/www.larsandersjohansson.se\/wordpress\/wp-content\/uploads\/2012\/09\/20120930-200649.jpg\"><img decoding=\"async\" loading=\"lazy\" class=\"alignright size-medium wp-image-3232\" title=\"Bl\u00e5 T\u00e5get\" src=\"https:\/\/www.larsandersjohansson.se\/wordpress\/wp-content\/uploads\/2012\/09\/20120930-200649-224x300.jpg\" alt=\"\" width=\"224\" height=\"300\" srcset=\"https:\/\/www.larsandersjohansson.se\/wordpress\/wp-content\/uploads\/2012\/09\/20120930-200649-224x300.jpg 224w, https:\/\/www.larsandersjohansson.se\/wordpress\/wp-content\/uploads\/2012\/09\/20120930-200649.jpg 765w\" sizes=\"(max-width: 224px) 100vw, 224px\" \/><\/a>Efter middagen begav jag mig till pianobaren, som utg\u00f6rs av en hel t\u00e5gvagn med loungeliknande inredning och ett riktigt piano. I barvagnen serveras l\u00e4ttare saker som sm\u00f6rg\u00e5sar, fika och godis, men man blandar ocks\u00e5 riktiga drinkar. I barvagnen var det fullsatt under hela resan och trevlig st\u00e4mning r\u00e5dde.<\/p>\n<p>S\u00e5 till minuskontot. En av f\u00f6ruts\u00e4ttningarna f\u00f6r att jag skulle boka resan med Bl\u00e5 T\u00e5get var som sagt att jag skulle kunna arbeta under t\u00e5gresan. D\u00e4rf\u00f6r gladdes jag s\u00e4rskilt \u00e5t att det skulle finnas fritt tr\u00e5dl\u00f6st n\u00e4tverk p\u00e5 hela t\u00e5get. I b\u00f6rjan av resan v\u00e4grade emellertid detta att fungera och det dr\u00f6jde hela 40 minuter innan ombordpersonalen fick n\u00e5gon r\u00e4tsida p\u00e5 problemet. D\u00e4refter fungerade det emellertid friktionsfritt. Minus dock f\u00f6r att det inte fanns tr\u00e5dl\u00f6st n\u00e4tverk i bar- och restaurangvagnarna.<\/p>\n<p>Att vagnarna inte \u00e4r topprustade gjorde sig p\u00e5mint p\u00e5 hemresan d\u00e5 armst\u00f6det p\u00e5 min f\u00e5t\u00f6lj lossnade och ett oerh\u00f6rt irriterande pipande ljud b\u00f6rjade h\u00f6ras fr\u00e5n ventilationen. Det senare lyckades dock personalen \u00e5tg\u00e4rda efter en stund.<\/p>\n<p><a href=\"https:\/\/www.larsandersjohansson.se\/wordpress\/wp-content\/uploads\/2012\/09\/20120930-200530.jpg\"><img decoding=\"async\" loading=\"lazy\" class=\"alignleft size-medium wp-image-3228\" title=\"Bl\u00e5 T\u00e5get\" src=\"https:\/\/www.larsandersjohansson.se\/wordpress\/wp-content\/uploads\/2012\/09\/20120930-200530-300x224.jpg\" alt=\"\" width=\"300\" height=\"224\" srcset=\"https:\/\/www.larsandersjohansson.se\/wordpress\/wp-content\/uploads\/2012\/09\/20120930-200530-300x224.jpg 300w, https:\/\/www.larsandersjohansson.se\/wordpress\/wp-content\/uploads\/2012\/09\/20120930-200530.jpg 1024w\" sizes=\"(max-width: 300px) 100vw, 300px\" \/><\/a>Den st\u00f6rsta nackdelen med Bl\u00e5 T\u00e5get \u00e4r givetvis att det bara \u00e4r ett enda t\u00e5g som g\u00e5r en g\u00e5ng om dagen i varje riktning. Det g\u00e4ller allts\u00e5 att kunna anpassa sina egna tider f\u00f6r att kunna resa med Skandinaviska J\u00e4rnbanor. Nu hade jag tur som kunde det, men det \u00e4r f\u00f6rmodligen inte alltid man kan det.<\/p>\n<p>&nbsp;<\/p>\n<p>P\u00e5 det hela taget \u00f6verv\u00e4ger emellertid f\u00f6rdelarna och har man m\u00f6jlighet att anpassa tiderna efter deras avg\u00e5ngs- och ankomsttider finns det egentligen inget sk\u00e4l till att inte v\u00e4lja Bl\u00e5 T\u00e5get f\u00f6r den som ska resa mellan Uppsala\/Stockholm och G\u00f6teborg. Det \u00e4r ytterst s\u00e4llan som jag \u00f6nskat att en t\u00e5gresa ska ta l\u00e4ngre tid \u00e4n vad den verkligen g\u00f6r, men den h\u00e4r g\u00e5ngen k\u00e4nde jag ingen br\u00e5dska att komma fram. Med Bl\u00e5 T\u00e5get har vi \u00e4ntligen \u00e5terf\u00e5tt lite levande t\u00e5gkultur i det h\u00e4r landet. L\u00e5t oss ta vara p\u00e5 den!<\/p>\n","protected":false},"excerpt":{"rendered":"<p>Ni som f\u00f6ljt mitt bloggande under en l\u00e4ngre tid \u00e4r s\u00e4kert v\u00e4lbekanta med det faktum att jag och SJ inte kommer s\u00e4rskilt v\u00e4l \u00f6verens. Jag har i en rad inl\u00e4gg[&#8230;]<\/p>\n","protected":false},"author":1,"featured_media":0,"comment_status":"open","ping_status":"open","sticky":false,"template":"","format":"standard","meta":{"ngg_post_thumbnail":0,"jetpack_publicize_message":"","jetpack_is_tweetstorm":false,"jetpack_publicize_feature_enabled":true,"jetpack_social_post_already_shared":false,"jetpack_social_options":{"image_generator_settings":{"template":"highway","enabled":false}}},"categories":[20,11,7,10],"tags":[],"jetpack_publicize_connections":[],"jetpack_featured_media_url":"","_links":{"self":[{"href":"https:\/\/www.larsandersjohansson.se\/index.php?rest_route=\/wp\/v2\/posts\/3225"}],"collection":[{"href":"https:\/\/www.larsandersjohansson.se\/index.php?rest_route=\/wp\/v2\/posts"}],"about":[{"href":"https:\/\/www.larsandersjohansson.se\/index.php?rest_route=\/wp\/v2\/types\/post"}],"author":[{"embeddable":true,"href":"https:\/\/www.larsandersjohansson.se\/index.php?rest_route=\/wp\/v2\/users\/1"}],"replies":[{"embeddable":true,"href":"https:\/\/www.larsandersjohansson.se\/index.php?rest_route=%2Fwp%2Fv2%2Fcomments&post=3225"}],"version-history":[{"count":7,"href":"https:\/\/www.larsandersjohansson.se\/index.php?rest_route=\/wp\/v2\/posts\/3225\/revisions"}],"predecessor-version":[{"id":3236,"href":"https:\/\/www.larsandersjohansson.se\/index.php?rest_route=\/wp\/v2\/posts\/3225\/revisions\/3236"}],"wp:attachment":[{"href":"https:\/\/www.larsandersjohansson.se\/index.php?rest_route=%2Fwp%2Fv2%2Fmedia&parent=3225"}],"wp:term":[{"taxonomy":"category","embeddable":true,"href":"https:\/\/www.larsandersjohansson.se\/index.php?rest_route=%2Fwp%2Fv2%2Fcategories&post=3225"},{"taxonomy":"post_tag","embeddable":true,"href":"https:\/\/www.larsandersjohansson.se\/index.php?rest_route=%2Fwp%2Fv2%2Ftags&post=3225"}],"curies":[{"name":"wp","href":"https:\/\/api.w.org\/{rel}","templated":true}]}}