{"id":3314,"date":"2012-11-05T23:45:33","date_gmt":"2012-11-05T22:45:33","guid":{"rendered":"http:\/\/www.larsandersjohansson.se\/?p=3314"},"modified":"2012-11-05T23:45:33","modified_gmt":"2012-11-05T22:45:33","slug":"sista-allsvenska-matchen-pa-rasunda","status":"publish","type":"post","link":"https:\/\/www.larsandersjohansson.se\/?p=3314","title":{"rendered":"Sista allsvenska matchen p\u00e5 R\u00e5sunda"},"content":{"rendered":"<p>L\u00e5t mig s\u00e4ga det p\u00e5 en g\u00e5ng. Den h\u00e4r s\u00e4songen borde ha slutat b\u00e4ttre \u00e4n vad den gjorde. AIK borde inte ha fallit hemma mot Kalmar och Gefle, borde inte ha spelat oavgjort mot Syrianska och H\u00e4cken. Man var f\u00f6r bar f\u00f6r det, vilket man bevisade i sista matchen mot Malm\u00f6, men d\u00e5 var det f\u00f6r sent. Det k\u00e4nns bittert och or\u00e4ttvist, allra helst som avg\u00f6randet l\u00e5g i v\u00e5ra egna h\u00e4nder.<\/p>\n<p><!--more-->Med detta sagt kan jag bara konstatera att den sista allsvenska matchen p\u00e5 R\u00e5sunda blev en v\u00e4rdig avslutning, s\u00e5v\u00e4l p\u00e5 som utanf\u00f6r planen. Jag var uppriktigt orolig n\u00e4r jag kom till R\u00e5sunda, orolig f\u00f6r att ett formstarkt MFF skulle f\u00f6rnedra gnaget under denna historiska match, orolig f\u00f6r att segerrusiga Malm\u00f6supportrar under en sl\u00e4ng av \u00f6vermod skulle f\u00e5 f\u00f6r sig att ta tillf\u00e4llet i akt och fira ett eventuellt SM-guld p\u00e5 R\u00e5sundas gr\u00e4smatta, orolig f\u00f6r de eventuella reaktioner detta skulle ha kunnat utl\u00f6sa hos hemmapubliken.<\/p>\n<p>28\u00a0000 p\u00e5 l\u00e4ktarna \u00e4r inte mycket om man j\u00e4mf\u00f6r med de publiksiffror som R\u00e5sunda kunde st\u00e5ta med i b\u00f6rjan av 2000-talet, men j\u00e4mf\u00f6rt med de senaste \u00e5ren \u00e4r det sk\u00e4l att vara stolt. Sen \u00e4r inte kvantitet allt som r\u00e4knas heller. De 28\u00a0000 som n\u00e4rvarade (minus de himmelsbl\u00e5 i sydv\u00e4stra h\u00f6rnet) bj\u00f6d p\u00e5 en inramning av s\u00e4llan sk\u00e5dat slag, vare sig i allsvenskan eller annorst\u00e4des. Med en sittplats publik som mangrant stod upp och sj\u00f6ng merparten av matchen kan man inte annat \u00e4n k\u00e4nna hur hj\u00e4rtat sv\u00e4llde av stolthet i br\u00f6stet.<\/p>\n<p>Det stilrena tifoarrangemanget vid matchens b\u00f6rjan och det m\u00e4ktiga kaostifot efter pausen (n\u00e5gonstans h\u00f6rde jag att det r\u00f6rde sig om \u00f6ver hundra bengaler) visade att \u00e4ven om allsvenskan kanske h\u00e5ller l\u00e5g klass med internationella m\u00e5tt m\u00e4tt s\u00e5 har vi en l\u00e4ktarkultur i v\u00e4rldsklass.<\/p>\n<p>G\u00e5rdagskv\u00e4llen visade ocks\u00e5 med all \u00f6nskv\u00e4rd tydlighet vilken stor roll publikst\u00f6det spelar f\u00f6r resultatet p\u00e5 plan. Skulle AIK ha samma tryck p\u00e5 l\u00e4ktarna varje match skulle vi vara o\u00f6vervinnerliga. Jag \u00e4r s\u00e4ker p\u00e5 att publikens insats bidrog till att spelarna lyfte sig och presterade s\u00e5 enast\u00e5ende bra som de gjorde &#8211; det kunde ha blivit 4-0. P\u00e5 samma s\u00e4tt \u00e4r jag \u00f6vertygad om att den lilla men h\u00e4ngivna skara som sj\u00f6ng sig hesa p\u00e5 rambergsvallen i torsdags spelade en avg\u00f6rande roll f\u00f6r att inte H\u00e4cken gick segrande ur den drabbningen.<\/p>\n<p>G\u00e5rdagskv\u00e4llens toppm\u00f6te p\u00e5 R\u00e5sunda var en fantastisk avslutning f\u00f6r AIK:s del, men ligan slutade p\u00e5 ett s\u00e4tt som inget av lagen kunde vara n\u00f6jda med. Malm\u00f6s prisutdelning m\u00e5ste emellertid ha k\u00e4nts som ett totalt antiklimax f\u00f6r de tillresta sk\u00e5ningarna. Utspelade p\u00e5 plan, utsjungna p\u00e5 l\u00e4ktarna, lilla silvret ist\u00e4llet f\u00f6r guldet. Resan s\u00f6derut m\u00e5ste ha k\u00e4nts l\u00e5ng.<\/p>\n<p>Sj\u00e4lv \u00e5kte jag hem fylld av motstridiga k\u00e4nslor. Glad \u00f6ver segern och uppfylld av den m\u00e4ktiga st\u00e4mningen, men chockad \u00f6ver den tilltagande insikten om att en 75 \u00e5r l\u00e5ng epok nu g\u00e5tt i graven. R\u00e5sunda, en av Europas mest klassiska fotbollsarenor, offras p\u00e5 grund av korrupta kommunpampar, byggherrar och fotbollsbyr\u00e5kraters r\u00e4vspel, helt utan h\u00e4nsyn till den t\u00e4nkta m\u00e5lgruppen. F\u00f6rra helgens misslyckade invigning av Friends arena blev en tydlig illustration av hur fel ute man \u00e4r.<\/p>\n<p>S\u00f6ndagens match mellan AIK och Malm\u00f6 visade att det \u00e4r supporterkulturen som \u00e4r den svenska fotbollens st\u00f6rsta tillg\u00e5ng.<\/p>\n<div id='gallery-1' class='gallery galleryid-3314 gallery-columns-4 gallery-size-thumbnail'><figure class='gallery-item'>\n\t\t\t<div class='gallery-icon landscape'>\n\t\t\t\t<a href='https:\/\/www.larsandersjohansson.se\/?attachment_id=3318'><img width=\"150\" height=\"150\" src=\"https:\/\/www.larsandersjohansson.se\/wordpress\/wp-content\/uploads\/2012\/11\/IMG_7302-150x150.jpg\" class=\"attachment-thumbnail size-thumbnail\" alt=\"\" decoding=\"async\" loading=\"lazy\" \/><\/a>\n\t\t\t<\/div><\/figure><figure class='gallery-item'>\n\t\t\t<div class='gallery-icon landscape'>\n\t\t\t\t<a href='https:\/\/www.larsandersjohansson.se\/?attachment_id=3317'><img width=\"150\" height=\"150\" src=\"https:\/\/www.larsandersjohansson.se\/wordpress\/wp-content\/uploads\/2012\/11\/IMG_7308-150x150.jpg\" class=\"attachment-thumbnail size-thumbnail\" alt=\"\" decoding=\"async\" loading=\"lazy\" \/><\/a>\n\t\t\t<\/div><\/figure><figure class='gallery-item'>\n\t\t\t<div class='gallery-icon landscape'>\n\t\t\t\t<a href='https:\/\/www.larsandersjohansson.se\/?attachment_id=3316'><img width=\"150\" height=\"150\" src=\"https:\/\/www.larsandersjohansson.se\/wordpress\/wp-content\/uploads\/2012\/11\/IMG_7319-150x150.jpg\" class=\"attachment-thumbnail size-thumbnail\" alt=\"\" decoding=\"async\" loading=\"lazy\" \/><\/a>\n\t\t\t<\/div><\/figure><figure class='gallery-item'>\n\t\t\t<div class='gallery-icon landscape'>\n\t\t\t\t<a href='https:\/\/www.larsandersjohansson.se\/?attachment_id=3315'><img width=\"150\" height=\"150\" src=\"https:\/\/www.larsandersjohansson.se\/wordpress\/wp-content\/uploads\/2012\/11\/IMG_7326-150x150.jpg\" class=\"attachment-thumbnail size-thumbnail\" alt=\"\" decoding=\"async\" loading=\"lazy\" \/><\/a>\n\t\t\t<\/div><\/figure>\n\t\t<\/div>\n\n","protected":false},"excerpt":{"rendered":"<p>L\u00e5t mig s\u00e4ga det p\u00e5 en g\u00e5ng. Den h\u00e4r s\u00e4songen borde ha slutat b\u00e4ttre \u00e4n vad den gjorde. AIK borde inte ha fallit hemma mot Kalmar och Gefle, borde inte[&#8230;]<\/p>\n","protected":false},"author":1,"featured_media":0,"comment_status":"open","ping_status":"open","sticky":false,"template":"","format":"standard","meta":{"ngg_post_thumbnail":0,"jetpack_publicize_message":"","jetpack_is_tweetstorm":false,"jetpack_publicize_feature_enabled":true,"jetpack_social_post_already_shared":false,"jetpack_social_options":{"image_generator_settings":{"template":"highway","enabled":false}}},"categories":[13],"tags":[],"jetpack_publicize_connections":[],"jetpack_featured_media_url":"","_links":{"self":[{"href":"https:\/\/www.larsandersjohansson.se\/index.php?rest_route=\/wp\/v2\/posts\/3314"}],"collection":[{"href":"https:\/\/www.larsandersjohansson.se\/index.php?rest_route=\/wp\/v2\/posts"}],"about":[{"href":"https:\/\/www.larsandersjohansson.se\/index.php?rest_route=\/wp\/v2\/types\/post"}],"author":[{"embeddable":true,"href":"https:\/\/www.larsandersjohansson.se\/index.php?rest_route=\/wp\/v2\/users\/1"}],"replies":[{"embeddable":true,"href":"https:\/\/www.larsandersjohansson.se\/index.php?rest_route=%2Fwp%2Fv2%2Fcomments&post=3314"}],"version-history":[{"count":4,"href":"https:\/\/www.larsandersjohansson.se\/index.php?rest_route=\/wp\/v2\/posts\/3314\/revisions"}],"predecessor-version":[{"id":3322,"href":"https:\/\/www.larsandersjohansson.se\/index.php?rest_route=\/wp\/v2\/posts\/3314\/revisions\/3322"}],"wp:attachment":[{"href":"https:\/\/www.larsandersjohansson.se\/index.php?rest_route=%2Fwp%2Fv2%2Fmedia&parent=3314"}],"wp:term":[{"taxonomy":"category","embeddable":true,"href":"https:\/\/www.larsandersjohansson.se\/index.php?rest_route=%2Fwp%2Fv2%2Fcategories&post=3314"},{"taxonomy":"post_tag","embeddable":true,"href":"https:\/\/www.larsandersjohansson.se\/index.php?rest_route=%2Fwp%2Fv2%2Ftags&post=3314"}],"curies":[{"name":"wp","href":"https:\/\/api.w.org\/{rel}","templated":true}]}}