{"id":4301,"date":"2014-08-06T10:01:10","date_gmt":"2014-08-06T08:01:10","guid":{"rendered":"http:\/\/www.larsandersjohansson.se\/?p=4301"},"modified":"2014-08-06T10:01:10","modified_gmt":"2014-08-06T08:01:10","slug":"skriver-om-tatueringar-i-jonkopings-posten","status":"publish","type":"post","link":"https:\/\/www.larsandersjohansson.se\/?p=4301","title":{"rendered":"Skriver om tatueringar i J\u00f6nk\u00f6pings-Posten"},"content":{"rendered":"<p><a title=\"J\u00f6nk\u00f6pings-Posten\" href=\"http:\/\/www.jonkopingsposten.se\/artikel\/29953\/kronika-ormar-och-drakar-kring-armar-och-ben\" target=\"_blank\">L\u00e4s: Ormar och drakar kring armar och ben<\/a><\/p>\n<p>Tatueringar har blivit f\u00f6rem\u00e5l f\u00f6r debatt den sista tiden, i Sverige sedan en ICA-handlare p\u00e5 \u00d6land kr\u00e4vde att en av hans sommarjobbare skulle skyla sina tatueringar p\u00e5 arbetstid, vilket 90-talisten ifr\u00e5ga tyckte var uppr\u00f6rande och integritetskr\u00e4nkande. Bland annat <a title=\"SMP\" href=\"http:\/\/www.google.se\/url?sa=t&amp;rct=j&amp;q=&amp;esrc=s&amp;source=web&amp;cd=1&amp;cad=rja&amp;uact=8&amp;ved=0CCEQFjAA&amp;url=http%3A%2F%2Fwww.smp.se%2Fledare%2Fsjalvklart-skyla-tatueringar(4378090).gm&amp;ei=6N_hU7OdL6S_ygP-zYGgDw&amp;usg=AFQjCNGFOXSS_cbmQLe0SA4sFgdX1QIQlg&amp;sig2=Ju_k7xprMMHbrktbj-pjQA&amp;bvm=bv.72197243,d.bGQ\" target=\"_blank\">Sm\u00e5landspostens konservativa ledarsida<\/a> gav sig in i diskussionen och menade att det \u00e4r sj\u00e4lvklart att skyla sina tatueringar om arbetsgivaren s\u00e5 kr\u00e4ver.<\/p>\n<p>\u00c4ven internationellt diskuteras fenomenet, bland annat sedan amerikanska milit\u00e4ren <a title=\"News Tribune\" href=\"http:\/\/www.thenewstribune.com\/2014\/03\/20\/3107291\/new-army-uniform-guidelines-limit.html\" target=\"_blank\">inf\u00f6rt restriktioner <\/a>mot tatueringar bland sina rekryter, vilket medf\u00f6rt ett uppsving hos tatueringsborttagningsklinikerna. Unders\u00f6kningar har ocks\u00e5 visat att tatuerade jobbs\u00f6kanden har <a title=\"The Economist\" href=\"http:\/\/www.economist.com\/blogs\/economist-explains\/2014\/08\/economist-explains\" target=\"_blank\">sv\u00e5rare att f\u00e5 jobb<\/a> \u00e4n icke tatuerade dito med likv\u00e4rdiga meriter. Till och med p\u00e5 arbetsplatser d\u00e4r chefen sj\u00e4lv \u00e4r tatuerad.<\/p>\n<p><a title=\"Ormar och drakar kring armar och ben\" href=\"http:\/\/www.jonkopingsposten.se\/artikel\/29953\/kronika-ormar-och-drakar-kring-armar-och-ben\" target=\"_blank\">I dag skriver jag i J\u00f6nk\u00f6pings-Posten<\/a> om hur tatueringar som tidigare varit ett subkulturellt attribut f\u00f6r att markera avst\u00e5nd fr\u00e5n majoritetssamh\u00e4llet har spridit sig i detsamma vilket f\u00f6rtagit deras alternativa status och samtidigt medf\u00f6rt en annan f\u00f6rv\u00e4ntan hos de tatuerade p\u00e5 omgivningens bem\u00f6tande, en f\u00f6rv\u00e4ntan som omgivningen inte alltid \u00e4r beredd att h\u00f6rsamma.<\/p>\n<p>&nbsp;<\/p>\n","protected":false},"excerpt":{"rendered":"<p>L\u00e4s: Ormar och drakar kring armar och ben Tatueringar har blivit f\u00f6rem\u00e5l f\u00f6r debatt den sista tiden, i Sverige sedan en ICA-handlare p\u00e5 \u00d6land kr\u00e4vde att en av hans sommarjobbare[&#8230;]<\/p>\n","protected":false},"author":1,"featured_media":0,"comment_status":"open","ping_status":"open","sticky":false,"template":"","format":"standard","meta":{"ngg_post_thumbnail":0,"jetpack_publicize_message":"","jetpack_is_tweetstorm":false,"jetpack_publicize_feature_enabled":true,"jetpack_social_post_already_shared":false,"jetpack_social_options":{"image_generator_settings":{"template":"highway","enabled":false}}},"categories":[11,4,12],"tags":[],"jetpack_publicize_connections":[],"jetpack_featured_media_url":"","_links":{"self":[{"href":"https:\/\/www.larsandersjohansson.se\/index.php?rest_route=\/wp\/v2\/posts\/4301"}],"collection":[{"href":"https:\/\/www.larsandersjohansson.se\/index.php?rest_route=\/wp\/v2\/posts"}],"about":[{"href":"https:\/\/www.larsandersjohansson.se\/index.php?rest_route=\/wp\/v2\/types\/post"}],"author":[{"embeddable":true,"href":"https:\/\/www.larsandersjohansson.se\/index.php?rest_route=\/wp\/v2\/users\/1"}],"replies":[{"embeddable":true,"href":"https:\/\/www.larsandersjohansson.se\/index.php?rest_route=%2Fwp%2Fv2%2Fcomments&post=4301"}],"version-history":[{"count":3,"href":"https:\/\/www.larsandersjohansson.se\/index.php?rest_route=\/wp\/v2\/posts\/4301\/revisions"}],"predecessor-version":[{"id":4304,"href":"https:\/\/www.larsandersjohansson.se\/index.php?rest_route=\/wp\/v2\/posts\/4301\/revisions\/4304"}],"wp:attachment":[{"href":"https:\/\/www.larsandersjohansson.se\/index.php?rest_route=%2Fwp%2Fv2%2Fmedia&parent=4301"}],"wp:term":[{"taxonomy":"category","embeddable":true,"href":"https:\/\/www.larsandersjohansson.se\/index.php?rest_route=%2Fwp%2Fv2%2Fcategories&post=4301"},{"taxonomy":"post_tag","embeddable":true,"href":"https:\/\/www.larsandersjohansson.se\/index.php?rest_route=%2Fwp%2Fv2%2Ftags&post=4301"}],"curies":[{"name":"wp","href":"https:\/\/api.w.org\/{rel}","templated":true}]}}