{"id":4537,"date":"2014-12-29T14:00:22","date_gmt":"2014-12-29T13:00:22","guid":{"rendered":"http:\/\/www.larsandersjohansson.se\/?p=4537"},"modified":"2014-12-29T14:01:07","modified_gmt":"2014-12-29T13:01:07","slug":"1772-en-visa-om-politisk-stabiltet","status":"publish","type":"post","link":"https:\/\/www.larsandersjohansson.se\/?p=4537","title":{"rendered":"1772 &#8211; en visa om politisk stabilitet"},"content":{"rendered":"<p><iframe loading=\"lazy\" src=\"\/\/www.youtube.com\/embed\/QVaMidAqycs\" width=\"560\" height=\"315\" frameborder=\"0\" allowfullscreen=\"allowfullscreen\"><\/iframe><\/p>\n<p><strong>1772 &#8211; En visa om politisk stabilitet<\/strong><br \/><strong>Lars Anders Johansson<\/strong><\/p>\n<p>Visst l\u00e5g det ett skimmer \u00f6ver Gustavs dagar<br \/>d\u00e5 frihetstiden s\u00e5 sn\u00f6pligt tog slut<br \/>och konungen \u00e4ndrade rikets lagar<br \/>F\u00f6r situationen blev pl\u00f6tsligt akut<br \/>det var s\u00e5 mycket k\u00e4bbel varje dag<br \/>mellan hattar och m\u00f6ssor i r\u00e5d och riksdag<br \/>s\u00e5 kungen \u00e4ndrade p\u00e5 rikets lag<\/p>\n<p>d\u00e5 talade kungen till rikets st\u00e4nder<br \/>och en lyssnande menighet<br \/>och f\u00f6rkunnade att vad som nu h\u00e4nder<br \/>syftar till politisk stabilitet<br \/>och drabanterna skramlade med sitt st\u00e5l<br \/>tills alla enades om konungens m\u00e5l<br \/>sen brast de alla ut i \u201dGustafs sk\u00e5l\u201d<\/p>\n<p>All makt \u00e5t kungen h\u00f6rdes de skandera<br \/>som satte h\u00f6gst politisk stabilitet<br \/>l\u00e5t honom ost\u00f6rt forts\u00e4tta regera<br \/>det \u00e4r viktigt att vi l\u00e5ter honom g\u00f6ra det<br \/>man talade om ansvar varje dag<br \/>nu \u00e4r det slut p\u00e5 k\u00e4bbel nu kr\u00e4vs nya tag<br \/>och s\u00e5 \u00e4ndrade man uti rikets lag.<\/p>\n<p>Varf\u00f6r ska man sitta i riksdag och tr\u00e4ta<br \/>och \u00e4r det inte ot\u00e4ckt n\u00e4r det br\u00e4nns?<br \/>Nej varf\u00f6r inte l\u00e5ta regenten arbeta<br \/>ost\u00f6rt och l\u00e5tsas att vi \u00e4r \u00f6verens<br \/>och n\u00e4r sen m\u00f6sspartiet lade ner<br \/>sina r\u00f6ster, fast\u00e4n de var fler<br \/>s\u00e5 brydde sig ingen om riksda\u2019n n\u00e5t mer.<\/p>\n<p>Makten \u00e4r en eld man b\u00f6r hantera<br \/>med aktsamhet annars springer den l\u00f6s<br \/>En h\u00e4rskare vill forts\u00e4tta regera<br \/>Och s\u00e5 har det varit sedan hedenh\u00f6s<br \/>Men om alla blott vill g\u00f6ra regenten glad<br \/>med bara ja-s\u00e4gare i en rad<br \/>blir politiken l\u00e4tt en maskerad.<\/p>\n<p><em>Lars Anders Johansson<\/em><\/p>\n","protected":false},"excerpt":{"rendered":"<p>1772 &#8211; En visa om politisk stabilitetLars Anders Johansson Visst l\u00e5g det ett skimmer \u00f6ver Gustavs dagard\u00e5 frihetstiden s\u00e5 sn\u00f6pligt tog slutoch konungen \u00e4ndrade rikets lagarF\u00f6r situationen blev pl\u00f6tsligt akutdet[&#8230;]<\/p>\n","protected":false},"author":1,"featured_media":0,"comment_status":"open","ping_status":"open","sticky":false,"template":"","format":"video","meta":{"ngg_post_thumbnail":0,"jetpack_publicize_message":"","jetpack_is_tweetstorm":false,"jetpack_publicize_feature_enabled":true,"jetpack_social_post_already_shared":false,"jetpack_social_options":{"image_generator_settings":{"template":"highway","enabled":false}}},"categories":[4,16],"tags":[],"jetpack_publicize_connections":[],"jetpack_featured_media_url":"","_links":{"self":[{"href":"https:\/\/www.larsandersjohansson.se\/index.php?rest_route=\/wp\/v2\/posts\/4537"}],"collection":[{"href":"https:\/\/www.larsandersjohansson.se\/index.php?rest_route=\/wp\/v2\/posts"}],"about":[{"href":"https:\/\/www.larsandersjohansson.se\/index.php?rest_route=\/wp\/v2\/types\/post"}],"author":[{"embeddable":true,"href":"https:\/\/www.larsandersjohansson.se\/index.php?rest_route=\/wp\/v2\/users\/1"}],"replies":[{"embeddable":true,"href":"https:\/\/www.larsandersjohansson.se\/index.php?rest_route=%2Fwp%2Fv2%2Fcomments&post=4537"}],"version-history":[{"count":2,"href":"https:\/\/www.larsandersjohansson.se\/index.php?rest_route=\/wp\/v2\/posts\/4537\/revisions"}],"predecessor-version":[{"id":4539,"href":"https:\/\/www.larsandersjohansson.se\/index.php?rest_route=\/wp\/v2\/posts\/4537\/revisions\/4539"}],"wp:attachment":[{"href":"https:\/\/www.larsandersjohansson.se\/index.php?rest_route=%2Fwp%2Fv2%2Fmedia&parent=4537"}],"wp:term":[{"taxonomy":"category","embeddable":true,"href":"https:\/\/www.larsandersjohansson.se\/index.php?rest_route=%2Fwp%2Fv2%2Fcategories&post=4537"},{"taxonomy":"post_tag","embeddable":true,"href":"https:\/\/www.larsandersjohansson.se\/index.php?rest_route=%2Fwp%2Fv2%2Ftags&post=4537"}],"curies":[{"name":"wp","href":"https:\/\/api.w.org\/{rel}","templated":true}]}}