{"id":4617,"date":"2015-03-01T09:39:34","date_gmt":"2015-03-01T08:39:34","guid":{"rendered":"http:\/\/www.larsandersjohansson.se\/?p=4617"},"modified":"2015-03-01T09:39:34","modified_gmt":"2015-03-01T08:39:34","slug":"asiktskorridoren","status":"publish","type":"post","link":"https:\/\/www.larsandersjohansson.se\/?p=4617","title":{"rendered":"\u00c5siktskorridoren"},"content":{"rendered":"<p style=\"text-align: center;\"><strong>\u00c5siktskorridoren<\/strong><\/p>\n<p>En g\u00e5ng var den en r\u00e4tt s\u00e5 rymlig hall<br \/>med h\u00f6gt i tak och ganska mycket yta<br \/>om inte gr\u00e4nsl\u00f6s s\u00e5 i alla fall<br \/>en plats d\u00e4r man \u00e5sikter kunde bryta.<br \/>Det var en livlig tummelplats d\u00e4r all-<br \/>sk\u00f6n intensiva samtal fick utbryta<br \/>Det var yttrandefrihet i praktiken<br \/>s\u00e5 s\u00e4llsynt ibland jordens alla riken.<\/p>\n<p>Men d\u00e4r man talar fritt blir n\u00e5gra st\u00f6tta<br \/>och vissa h\u00e4vdar rentav att de kr\u00e4nks.<br \/>D\u00e5 b\u00f6rjar de med n\u00e4varna att h\u00f6tta<br \/>och b\u00f6rjar st\u00e4lla krav att taket s\u00e4nks.<br \/>De gastar och g\u00e5r p\u00e5 tills vi blir tr\u00f6tta<br \/>och de har f\u00e5tt vad de vill ha till sk\u00e4nks.<br \/>S\u00e5 krymptes ytan d\u00e4r man fick husera<br \/>snart fanns det knappt n\u00e5\u2019t sv\u00e4ngrum n\u00e5got mera.<\/p>\n<p>S\u00e5 fortsatte den sorgliga processen<br \/>d\u00e5 taket s\u00e4nktes, sakta, steg f\u00f6r steg.<br \/>Det b\u00f6rjade i teve och i pressen<br \/>d\u00e4r journalister bockade och neg<br \/>och alla hade de sina intressen,<br \/>f\u00f6r karri\u00e4r g\u00f6r blott den som \u00e4r feg.<br \/>Men den som g\u00e5r mot str\u00f6mmen f\u00e5r man klandra<br \/>s\u00e5 l\u00e4nge alla h\u00e5ller om varandra.<\/p>\n<p>Men i processen gjorde man en blunder,<br \/>d\u00e5 golvet h\u00f6jdes, och man gjorde plats<br \/>\u00e5t m\u00f6rka k\u00e4llarv\u00e5ningar inunder<br \/>d\u00e4r en helt annan standard hade satts.<br \/>D\u00e4r nere v\u00e4xte skr\u00e4mmande vidunder<br \/>i skydd av m\u00f6rkret, som en evig natts<br \/>och ting som s\u00e4llan n\u00e5dde till v\u00e5r yta<br \/>de kunde ost\u00f6rt g\u00e5 omkring och ryta.<\/p>\n<p>Och \u00e4r det n\u00e5got jag har l\u00e4rt med \u00e5ren<br \/>h\u00e4r i konsensuslandets tyranni<br \/>&#8211; de som f\u00f6rnekar \u00e5siktskorridoren<br \/>\u00e4r de som bara r\u00f6r sig d\u00e4r uti,<br \/>f\u00f6rkunnande f\u00f6r oss, de dumma f\u00e5ren<br \/>f\u00f6r att bevara sin hegemoni:<br \/>Ty alla blir ju l\u00e4mnade ifred<br \/>s\u00e5 l\u00e4nge som de bara h\u00e5ller med.<\/p>\n<p><em>Lars Anders Johansson<\/em><\/p>\n<p><a href=\"https:\/\/www.larsandersjohansson.se\/wordpress\/wp-content\/uploads\/2014\/12\/IMG_1009-1.jpg\"><img decoding=\"async\" loading=\"lazy\" class=\"alignleft wp-image-4503 size-medium\" src=\"https:\/\/www.larsandersjohansson.se\/wordpress\/wp-content\/uploads\/2014\/12\/IMG_1009-1-300x300.jpg\" alt=\"Dorsia\" width=\"300\" height=\"300\" srcset=\"https:\/\/www.larsandersjohansson.se\/wordpress\/wp-content\/uploads\/2014\/12\/IMG_1009-1-300x300.jpg 300w, https:\/\/www.larsandersjohansson.se\/wordpress\/wp-content\/uploads\/2014\/12\/IMG_1009-1-150x150.jpg 150w, https:\/\/www.larsandersjohansson.se\/wordpress\/wp-content\/uploads\/2014\/12\/IMG_1009-1-1024x1024.jpg 1024w, https:\/\/www.larsandersjohansson.se\/wordpress\/wp-content\/uploads\/2014\/12\/IMG_1009-1-144x144.jpg 144w, https:\/\/www.larsandersjohansson.se\/wordpress\/wp-content\/uploads\/2014\/12\/IMG_1009-1-880x880.jpg 880w, https:\/\/www.larsandersjohansson.se\/wordpress\/wp-content\/uploads\/2014\/12\/IMG_1009-1-500x500.jpg 500w, https:\/\/www.larsandersjohansson.se\/wordpress\/wp-content\/uploads\/2014\/12\/IMG_1009-1-900x900.jpg 900w\" sizes=\"(max-width: 300px) 100vw, 300px\" \/><\/a><\/p>\n","protected":false},"excerpt":{"rendered":"<p>\u00c5siktskorridoren En g\u00e5ng var den en r\u00e4tt s\u00e5 rymlig hallmed h\u00f6gt i tak och ganska mycket ytaom inte gr\u00e4nsl\u00f6s s\u00e5 i alla fallen plats d\u00e4r man \u00e5sikter kunde bryta.Det var[&#8230;]<\/p>\n","protected":false},"author":1,"featured_media":0,"comment_status":"open","ping_status":"open","sticky":false,"template":"","format":"standard","meta":{"ngg_post_thumbnail":0,"jetpack_publicize_message":"","jetpack_is_tweetstorm":false,"jetpack_publicize_feature_enabled":true,"jetpack_social_post_already_shared":false,"jetpack_social_options":{"image_generator_settings":{"template":"highway","enabled":false}}},"categories":[4,9],"tags":[],"jetpack_publicize_connections":[],"jetpack_featured_media_url":"","_links":{"self":[{"href":"https:\/\/www.larsandersjohansson.se\/index.php?rest_route=\/wp\/v2\/posts\/4617"}],"collection":[{"href":"https:\/\/www.larsandersjohansson.se\/index.php?rest_route=\/wp\/v2\/posts"}],"about":[{"href":"https:\/\/www.larsandersjohansson.se\/index.php?rest_route=\/wp\/v2\/types\/post"}],"author":[{"embeddable":true,"href":"https:\/\/www.larsandersjohansson.se\/index.php?rest_route=\/wp\/v2\/users\/1"}],"replies":[{"embeddable":true,"href":"https:\/\/www.larsandersjohansson.se\/index.php?rest_route=%2Fwp%2Fv2%2Fcomments&post=4617"}],"version-history":[{"count":2,"href":"https:\/\/www.larsandersjohansson.se\/index.php?rest_route=\/wp\/v2\/posts\/4617\/revisions"}],"predecessor-version":[{"id":4619,"href":"https:\/\/www.larsandersjohansson.se\/index.php?rest_route=\/wp\/v2\/posts\/4617\/revisions\/4619"}],"wp:attachment":[{"href":"https:\/\/www.larsandersjohansson.se\/index.php?rest_route=%2Fwp%2Fv2%2Fmedia&parent=4617"}],"wp:term":[{"taxonomy":"category","embeddable":true,"href":"https:\/\/www.larsandersjohansson.se\/index.php?rest_route=%2Fwp%2Fv2%2Fcategories&post=4617"},{"taxonomy":"post_tag","embeddable":true,"href":"https:\/\/www.larsandersjohansson.se\/index.php?rest_route=%2Fwp%2Fv2%2Ftags&post=4617"}],"curies":[{"name":"wp","href":"https:\/\/api.w.org\/{rel}","templated":true}]}}