{"id":4691,"date":"2015-06-16T09:46:36","date_gmt":"2015-06-16T07:46:36","guid":{"rendered":"http:\/\/www.larsandersjohansson.se\/?p=4691"},"modified":"2015-06-16T09:46:36","modified_gmt":"2015-06-16T07:46:36","slug":"sommarlov","status":"publish","type":"post","link":"https:\/\/www.larsandersjohansson.se\/?p=4691","title":{"rendered":"Sommarlov"},"content":{"rendered":"<p style=\"text-align: center;\">Nu \u00e4r det sommar, l\u00e4rkan sl\u00e5r i skyn<br \/>och hela landet fr\u00f6jdas \u00e5t den gr\u00f6nska<br \/>som g\u00f6r v\u00e5rt land till rena Bullerbyn<br \/>ja h\u00e4r finns allt en m\u00e4nska kunde \u00f6nska:<br \/>H\u00e4r glittrar fj\u00e4rdar, ljuvliga och bl\u00e5<br \/>kring kobbar d\u00e4r sm\u00e5 sk\u00e4rg\u00e5rdstallar susar<br \/>och barnen springer ut fr\u00e5n skolan d\u00e5<br \/>i ledighet, de stojar och de busar.<\/p>\n<p>Men buset har en annan karakt\u00e4r<br \/>\u00e4n det som f\u00f6rut pl\u00e5gade nationen:<br \/>n\u00e4r ungarna har automatgev\u00e4r<br \/>och skjuter \u00f6ppet mot polisstationen<br \/>d\u00e5 \u00e4r man l\u00e5ngt fr\u00e5n Emils gamla hyss<br \/>som ledde honom in i snickarboden<br \/>och fast det k\u00e4ndes som om det var nyss<br \/>f\u00e5r Emils pappa se \u00f6ver metoden.<\/p>\n<p>De har s\u00e5 tr\u00e5kigt, s\u00e4ger de till oss<br \/>de har ju inte n\u00e5gonting att g\u00f6ra<br \/>den givna slutsatsen blir d\u00e5 f\u00f6rst\u00e5s<br \/>d\u00e5 \u00e4gnar man sin tid \u00e5t att f\u00f6rst\u00f6ra<br \/>och varje natt s\u00e5 brinner det en bil<br \/>p\u00e5 v\u00e5r gata, men aldrig n\u00e5n blir gripen<br \/>f\u00f6r om konstaplarna skulle sl\u00e5 till<br \/>d\u00e5 tar genast ligisterna till lipen.<\/p>\n<p>Biblioteket, d\u00e4r det f\u00f6rr var lugnt<br \/>d\u00e4r har ligistg\u00e4ng numer tagit \u00f6ver<br \/>bibliotekarien har det ganska tungt<br \/>och f\u00e5r ej alls det st\u00f6d som hon beh\u00f6ver.<br \/>Man har slagit, hotat, dragit kniv<br \/>och \u00e4ven krossat en och annan ruta.<br \/>Nu fruktar personalen f\u00f6r sitt liv<br \/>och flera har best\u00e4mt sig f\u00f6r att sluta.<\/p>\n<p>Men de som hade kunnat dra en gr\u00e4ns,<br \/>de folkvalda, som skulle satt ned foten,<br \/>de faller undan, varje g\u00e5ng det br\u00e4nns<br \/>de viker ned sig inf\u00f6r alla hoten,<br \/>tar till en maktanalys fr\u00e5n S\u00f6dert\u00f6rn<br \/>som man har f\u00e5tt fr\u00e5n landets journalister<br \/>f\u00f6r man vill inte v\u00e4cka n\u00e5gon bj\u00f6rn<br \/>och t\u00e4njer hellre t\u00e5lamodet tills det brister.<\/p>\n<p style=\"text-align: center;\">\n<p style=\"text-align: center;\"><em>Lars Anders Johansson<\/em><\/p>\n<p style=\"text-align: right;\">\n<p style=\"text-align: center;\"><a href=\"https:\/\/www.larsandersjohansson.se\/wordpress\/wp-content\/uploads\/2015\/06\/2844128_1200_675.jpg\"><img decoding=\"async\" loading=\"lazy\" class=\"aligncenter size-medium wp-image-4694\" src=\"https:\/\/www.larsandersjohansson.se\/wordpress\/wp-content\/uploads\/2015\/06\/2844128_1200_675-300x168.jpg\" alt=\"2844128_1200_675\" width=\"300\" height=\"168\" srcset=\"https:\/\/www.larsandersjohansson.se\/wordpress\/wp-content\/uploads\/2015\/06\/2844128_1200_675-300x168.jpg 300w, https:\/\/www.larsandersjohansson.se\/wordpress\/wp-content\/uploads\/2015\/06\/2844128_1200_675-500x281.jpg 500w, https:\/\/www.larsandersjohansson.se\/wordpress\/wp-content\/uploads\/2015\/06\/2844128_1200_675.jpg 612w\" sizes=\"(max-width: 300px) 100vw, 300px\" \/><\/a><\/p>\n","protected":false},"excerpt":{"rendered":"<p>Nu \u00e4r det sommar, l\u00e4rkan sl\u00e5r i skynoch hela landet fr\u00f6jdas \u00e5t den gr\u00f6nskasom g\u00f6r v\u00e5rt land till rena Bullerbynja h\u00e4r finns allt en m\u00e4nska kunde \u00f6nska:H\u00e4r glittrar fj\u00e4rdar, ljuvliga[&#8230;]<\/p>\n","protected":false},"author":1,"featured_media":0,"comment_status":"open","ping_status":"open","sticky":false,"template":"","format":"standard","meta":{"ngg_post_thumbnail":0,"jetpack_publicize_message":"","jetpack_is_tweetstorm":false,"jetpack_publicize_feature_enabled":true,"jetpack_social_post_already_shared":false,"jetpack_social_options":{"image_generator_settings":{"template":"highway","enabled":false}}},"categories":[4,9],"tags":[],"jetpack_publicize_connections":[],"jetpack_featured_media_url":"","_links":{"self":[{"href":"https:\/\/www.larsandersjohansson.se\/index.php?rest_route=\/wp\/v2\/posts\/4691"}],"collection":[{"href":"https:\/\/www.larsandersjohansson.se\/index.php?rest_route=\/wp\/v2\/posts"}],"about":[{"href":"https:\/\/www.larsandersjohansson.se\/index.php?rest_route=\/wp\/v2\/types\/post"}],"author":[{"embeddable":true,"href":"https:\/\/www.larsandersjohansson.se\/index.php?rest_route=\/wp\/v2\/users\/1"}],"replies":[{"embeddable":true,"href":"https:\/\/www.larsandersjohansson.se\/index.php?rest_route=%2Fwp%2Fv2%2Fcomments&post=4691"}],"version-history":[{"count":7,"href":"https:\/\/www.larsandersjohansson.se\/index.php?rest_route=\/wp\/v2\/posts\/4691\/revisions"}],"predecessor-version":[{"id":4699,"href":"https:\/\/www.larsandersjohansson.se\/index.php?rest_route=\/wp\/v2\/posts\/4691\/revisions\/4699"}],"wp:attachment":[{"href":"https:\/\/www.larsandersjohansson.se\/index.php?rest_route=%2Fwp%2Fv2%2Fmedia&parent=4691"}],"wp:term":[{"taxonomy":"category","embeddable":true,"href":"https:\/\/www.larsandersjohansson.se\/index.php?rest_route=%2Fwp%2Fv2%2Fcategories&post=4691"},{"taxonomy":"post_tag","embeddable":true,"href":"https:\/\/www.larsandersjohansson.se\/index.php?rest_route=%2Fwp%2Fv2%2Ftags&post=4691"}],"curies":[{"name":"wp","href":"https:\/\/api.w.org\/{rel}","templated":true}]}}