{"id":4978,"date":"2016-06-03T10:08:38","date_gmt":"2016-06-03T08:08:38","guid":{"rendered":"http:\/\/www.larsandersjohansson.se\/?p=4978"},"modified":"2016-06-03T10:08:38","modified_gmt":"2016-06-03T08:08:38","slug":"om-kortbyxor","status":"publish","type":"post","link":"https:\/\/www.larsandersjohansson.se\/?p=4978","title":{"rendered":"Om kortbyxor"},"content":{"rendered":"<p>H\u00f6r ni ljudet fr\u00e5n de \u00f6ppna d\u00f6rrar som sl\u00e5s in n\u00e4r f\u00f6rment frigjorda m\u00e4nniskor i sociala medier manifesterar sin r\u00e4tt att b\u00e4ra shorts?<\/p>\n<p>Kortbyxor tycks \u00e5ter ha blivit en symbolfr\u00e5ga, men det \u00e4r oklart vad som de faktiskt symboliserar den h\u00e4r g\u00e5ngen.<\/p>\n<p>En frihetsfr\u00e5ga \u00e4r det inte, eftersom ingen mig veterligt f\u00f6reslagit ett f\u00f6rbud mot s\u00e5dana plagg. Det st\u00e5r var och en fritt att b\u00e4ra hur l\u00e5nga eller korta byxor han eller hon vill.<\/p>\n<p>\u00c4r det d\u00e5 ett uppror mot en rigid dominerande smakuppfattning som ut\u00f6var ett socialt tryck p\u00e5 oss alla att kl\u00e4 oss p\u00e5 vis som vi egentligen inte \u00e4r bekv\u00e4ma med? Nej, knappast. G\u00e5 ut p\u00e5 Drottninggatan i Stockholm en solig dag som denna och \u00e5terkom sedan och ber\u00e4tta huruvida den rigida goda smaken \u00e4r ett problem.<\/p>\n<p>Finns det d\u00e5 en politisk dimension i detta, lite som Peter Erikssons v\u00e4gran att b\u00e4ra slips och Rossana Dinamarcas t-shirt i Riksdagen? Ett slags manifestation av klasskampen? Nej, inte heller det tycks vara fr\u00e5gan. Snarare tycks personer hemmah\u00f6rande p\u00e5 den \u00f6vre delen av klasskalan vara mer avslappnade i kortbyxor \u00e4n vi som underkastats en mer prolet\u00e4r uppfostran. \u00c5tminstone att d\u00f6ma av mina f\u00e4ltstudier p\u00e5 Strandbryggan ig\u00e5r kv\u00e4ll.<\/p>\n<p>Min gissning \u00e4r att manifesterandet av shortsb\u00e4rande som f\u00f6rment motst\u00e5ndshandling i sj\u00e4lva verket \u00e4r ett uttryck f\u00f6r en l\u00e4ngtan tillbaka till en tid d\u00e5 det fortfarande fanns en rigid god smak att g\u00f6ra uppror mot.<\/p>\n<p>Det ska fan till att vara rebell idag.<\/p>\n","protected":false},"excerpt":{"rendered":"<p>H\u00f6r ni ljudet fr\u00e5n de \u00f6ppna d\u00f6rrar som sl\u00e5s in n\u00e4r f\u00f6rment frigjorda m\u00e4nniskor i sociala medier manifesterar sin r\u00e4tt att b\u00e4ra shorts? Kortbyxor tycks \u00e5ter ha blivit en symbolfr\u00e5ga,[&#8230;]<\/p>\n","protected":false},"author":1,"featured_media":0,"comment_status":"open","ping_status":"open","sticky":false,"template":"","format":"standard","meta":{"ngg_post_thumbnail":0,"jetpack_publicize_message":"","jetpack_is_tweetstorm":false,"jetpack_publicize_feature_enabled":true,"jetpack_social_post_already_shared":false,"jetpack_social_options":{"image_generator_settings":{"template":"highway","enabled":false}}},"categories":[12],"tags":[],"jetpack_publicize_connections":[],"jetpack_featured_media_url":"","_links":{"self":[{"href":"https:\/\/www.larsandersjohansson.se\/index.php?rest_route=\/wp\/v2\/posts\/4978"}],"collection":[{"href":"https:\/\/www.larsandersjohansson.se\/index.php?rest_route=\/wp\/v2\/posts"}],"about":[{"href":"https:\/\/www.larsandersjohansson.se\/index.php?rest_route=\/wp\/v2\/types\/post"}],"author":[{"embeddable":true,"href":"https:\/\/www.larsandersjohansson.se\/index.php?rest_route=\/wp\/v2\/users\/1"}],"replies":[{"embeddable":true,"href":"https:\/\/www.larsandersjohansson.se\/index.php?rest_route=%2Fwp%2Fv2%2Fcomments&post=4978"}],"version-history":[{"count":1,"href":"https:\/\/www.larsandersjohansson.se\/index.php?rest_route=\/wp\/v2\/posts\/4978\/revisions"}],"predecessor-version":[{"id":4979,"href":"https:\/\/www.larsandersjohansson.se\/index.php?rest_route=\/wp\/v2\/posts\/4978\/revisions\/4979"}],"wp:attachment":[{"href":"https:\/\/www.larsandersjohansson.se\/index.php?rest_route=%2Fwp%2Fv2%2Fmedia&parent=4978"}],"wp:term":[{"taxonomy":"category","embeddable":true,"href":"https:\/\/www.larsandersjohansson.se\/index.php?rest_route=%2Fwp%2Fv2%2Fcategories&post=4978"},{"taxonomy":"post_tag","embeddable":true,"href":"https:\/\/www.larsandersjohansson.se\/index.php?rest_route=%2Fwp%2Fv2%2Ftags&post=4978"}],"curies":[{"name":"wp","href":"https:\/\/api.w.org\/{rel}","templated":true}]}}