{"id":5002,"date":"2016-07-02T12:47:23","date_gmt":"2016-07-02T10:47:23","guid":{"rendered":"http:\/\/www.larsandersjohansson.se\/?p=5002"},"modified":"2016-07-02T12:47:23","modified_gmt":"2016-07-02T10:47:23","slug":"skriver-om-popularkulturella-ideal-i-gefle-dagblad","status":"publish","type":"post","link":"https:\/\/www.larsandersjohansson.se\/?p=5002","title":{"rendered":"Skriver om popul\u00e4rkulturella ideal i Gefle Dagblad"},"content":{"rendered":"<p>Vilka \u00e4r v\u00e5r tids hj\u00e4lteideal och vad h\u00e4nder med v\u00e5rt samh\u00e4lle och oss sj\u00e4lva om vi str\u00e4var efter att efterlikna dem?<\/p>\n<p>Idag debuterar jag som kr\u00f6nik\u00f6r p\u00e5 Mittmedias kultursidor. Det \u00e4r en gl\u00e4dje och en \u00e4ra inte bara eftersom det inneb\u00e4r spridning genom Mittmedias samtliga f\u00f6rstatidningar, utan ocks\u00e5 f\u00f6r att jag \u00e5ter publiceras i en G\u00e4vletidning. Stenarna d\u00e4r barn jag lekt.<\/p>\n<p>I <a title=\"Gefle Dagblad\" href=\"http:\/\/www.gd.se\/kultur\/popularkulturen-speglar-samtiden-och-formar-den\" target=\"_blank\">f\u00f6rsta kr\u00f6nikan <\/a>tar jag mig an popul\u00e4rkulturen som spegling av<span class=\"text_exposed_show\"> samtiden, men ocks\u00e5 som formare av den.<\/span><\/p>\n<p>&#8221;Tolkiens v\u00e4rld befolkas av hj\u00e4ltar och arketyper. Ideal att f\u00f6rh\u00e5lla sig till, att efterstr\u00e4va eller f\u00f6rkasta. I Martins v\u00e4rld finns inga hj\u00e4ltar, d\u00e4r frossar vi i och f\u00f6rfasar oss \u00f6ver m\u00e4nniskans l\u00e5ghet och uselhet.<\/p>\n<p>Historikern och journalisten Anne Applebaum gjorde nyligen en j\u00e4mf\u00f6relse mellan Ronald Reagan och Donald Trump, avseende de popul\u00e4rkulturella referensramarna hos de v\u00e4ljare som burit fram dem. Reagans v\u00e4ljare var en generation uppf\u00f6dda p\u00e5 westernfilmer med starka normativa ideal: individualistiska, pliktmedvetna m\u00e4n som tog ansvar och l\u00f6ste problemen. Trumps v\u00e4ljare \u00e4r uppf\u00f6dda p\u00e5 dokus\u00e5por d\u00e4r den vinner som \u00e4r mest h\u00f6gljudd, vulg\u00e4r och intrigant.<\/p>\n<p>Det s\u00e4gs att popul\u00e4rkulturen speglar samtiden. Sant \u00e4r ocks\u00e5 att samtiden formas av de v\u00e4rderingar som kommer till uttryck i popul\u00e4rkulturen. Det \u00e4r v\u00e4rderingar bortom ideologiska skiljelinjer. Vilka \u00e4r v\u00e5r tids hj\u00e4ltar, och vilket samh\u00e4lle f\u00e5r vi om vi str\u00e4var efter att bli som dem?&#8221;<\/p>\n","protected":false},"excerpt":{"rendered":"<p>Vilka \u00e4r v\u00e5r tids hj\u00e4lteideal och vad h\u00e4nder med v\u00e5rt samh\u00e4lle och oss sj\u00e4lva om vi str\u00e4var efter att efterlikna dem? Idag debuterar jag som kr\u00f6nik\u00f6r p\u00e5 Mittmedias kultursidor. Det[&#8230;]<\/p>\n","protected":false},"author":1,"featured_media":0,"comment_status":"open","ping_status":"open","sticky":false,"template":"","format":"standard","meta":{"ngg_post_thumbnail":0,"jetpack_publicize_message":"","jetpack_is_tweetstorm":false,"jetpack_publicize_feature_enabled":true,"jetpack_social_post_already_shared":false,"jetpack_social_options":{"image_generator_settings":{"template":"highway","enabled":false}}},"categories":[11,4],"tags":[],"jetpack_publicize_connections":[],"jetpack_featured_media_url":"","_links":{"self":[{"href":"https:\/\/www.larsandersjohansson.se\/index.php?rest_route=\/wp\/v2\/posts\/5002"}],"collection":[{"href":"https:\/\/www.larsandersjohansson.se\/index.php?rest_route=\/wp\/v2\/posts"}],"about":[{"href":"https:\/\/www.larsandersjohansson.se\/index.php?rest_route=\/wp\/v2\/types\/post"}],"author":[{"embeddable":true,"href":"https:\/\/www.larsandersjohansson.se\/index.php?rest_route=\/wp\/v2\/users\/1"}],"replies":[{"embeddable":true,"href":"https:\/\/www.larsandersjohansson.se\/index.php?rest_route=%2Fwp%2Fv2%2Fcomments&post=5002"}],"version-history":[{"count":1,"href":"https:\/\/www.larsandersjohansson.se\/index.php?rest_route=\/wp\/v2\/posts\/5002\/revisions"}],"predecessor-version":[{"id":5003,"href":"https:\/\/www.larsandersjohansson.se\/index.php?rest_route=\/wp\/v2\/posts\/5002\/revisions\/5003"}],"wp:attachment":[{"href":"https:\/\/www.larsandersjohansson.se\/index.php?rest_route=%2Fwp%2Fv2%2Fmedia&parent=5002"}],"wp:term":[{"taxonomy":"category","embeddable":true,"href":"https:\/\/www.larsandersjohansson.se\/index.php?rest_route=%2Fwp%2Fv2%2Fcategories&post=5002"},{"taxonomy":"post_tag","embeddable":true,"href":"https:\/\/www.larsandersjohansson.se\/index.php?rest_route=%2Fwp%2Fv2%2Ftags&post=5002"}],"curies":[{"name":"wp","href":"https:\/\/api.w.org\/{rel}","templated":true}]}}