{"id":5351,"date":"2018-03-14T22:34:29","date_gmt":"2018-03-14T21:34:29","guid":{"rendered":"http:\/\/www.larsandersjohansson.se\/?p=5351"},"modified":"2018-03-14T22:43:46","modified_gmt":"2018-03-14T21:43:46","slug":"sonetter-hyllas-i-vlt","status":"publish","type":"post","link":"https:\/\/www.larsandersjohansson.se\/?p=5351","title":{"rendered":"Sonetter hyllas i VLT"},"content":{"rendered":"<p><a href=\"https:\/\/www.larsandersjohansson.se\/wordpress\/wp-content\/uploads\/2018\/03\/img_4115.jpg\"><img decoding=\"async\" loading=\"lazy\" class=\"aligncenter wp-image-5323 size-large\" src=\"https:\/\/www.larsandersjohansson.se\/wordpress\/wp-content\/uploads\/2018\/03\/img_4115-1024x768.jpg\" alt=\"img_4115.jpg\" width=\"880\" height=\"660\" srcset=\"https:\/\/www.larsandersjohansson.se\/wordpress\/wp-content\/uploads\/2018\/03\/img_4115-1024x768.jpg 1024w, https:\/\/www.larsandersjohansson.se\/wordpress\/wp-content\/uploads\/2018\/03\/img_4115-300x225.jpg 300w, https:\/\/www.larsandersjohansson.se\/wordpress\/wp-content\/uploads\/2018\/03\/img_4115-768x576.jpg 768w, https:\/\/www.larsandersjohansson.se\/wordpress\/wp-content\/uploads\/2018\/03\/img_4115-880x660.jpg 880w, https:\/\/www.larsandersjohansson.se\/wordpress\/wp-content\/uploads\/2018\/03\/img_4115-500x375.jpg 500w, https:\/\/www.larsandersjohansson.se\/wordpress\/wp-content\/uploads\/2018\/03\/img_4115.jpg 1656w\" sizes=\"(max-width: 880px) 100vw, 880px\" \/><\/a><\/p>\n<div id=\"js_o5\" class=\"_5pbx userContent _3576\" data-ft=\"{&quot;tn&quot;:&quot;K&quot;}\">\n<p>Sonetter hyllas \u00f6ver ett helt <a href=\"http:\/\/www.vlt.se\/kultur\/sonetten-som-motstandshandling-nar-lars-anders-johansson-vander-sig-till-traditionen-far-poesin-en-lekfull-lyster\">uppslag i VLT!<\/p>\n<p><\/a><em>&#8221;Kanske \u00e4r sonetten och den rimmade dikten en v\u00e4g att g\u00e5 f\u00f6r att poesin ska \u00f6verleva. Att den som hos Lars Anders Johansson uttrycker ett \u201dvi\u201d som effektfullt f\u00e5ngar samtiden och f\u00f6rankrar den i v\u00e5r rika tradition som knyter samman m\u00e4nniskor och generationers \u00f6den i en omfamnande ber\u00e4ttelse om k\u00e4rleken och lidandet, det m\u00e4nskliga livets egentliga element.&#8221;<\/em><\/p>\n<\/div>\n<div class=\"_3x-2\" data-ft=\"{&quot;tn&quot;:&quot;H&quot;}\">\u00a0<\/div>\n","protected":false},"excerpt":{"rendered":"<p>Sonetter hyllas \u00f6ver ett helt uppslag i VLT! &#8221;Kanske \u00e4r sonetten och den rimmade dikten en v\u00e4g att g\u00e5 f\u00f6r att poesin ska \u00f6verleva. Att den som hos Lars Anders[&#8230;]<\/p>\n","protected":false},"author":1,"featured_media":0,"comment_status":"open","ping_status":"open","sticky":false,"template":"","format":"standard","meta":{"ngg_post_thumbnail":0,"jetpack_publicize_message":"","jetpack_is_tweetstorm":false,"jetpack_publicize_feature_enabled":true,"jetpack_social_post_already_shared":false,"jetpack_social_options":{"image_generator_settings":{"template":"highway","enabled":false}}},"categories":[4,9],"tags":[],"jetpack_publicize_connections":[],"jetpack_featured_media_url":"","_links":{"self":[{"href":"https:\/\/www.larsandersjohansson.se\/index.php?rest_route=\/wp\/v2\/posts\/5351"}],"collection":[{"href":"https:\/\/www.larsandersjohansson.se\/index.php?rest_route=\/wp\/v2\/posts"}],"about":[{"href":"https:\/\/www.larsandersjohansson.se\/index.php?rest_route=\/wp\/v2\/types\/post"}],"author":[{"embeddable":true,"href":"https:\/\/www.larsandersjohansson.se\/index.php?rest_route=\/wp\/v2\/users\/1"}],"replies":[{"embeddable":true,"href":"https:\/\/www.larsandersjohansson.se\/index.php?rest_route=%2Fwp%2Fv2%2Fcomments&post=5351"}],"version-history":[{"count":2,"href":"https:\/\/www.larsandersjohansson.se\/index.php?rest_route=\/wp\/v2\/posts\/5351\/revisions"}],"predecessor-version":[{"id":5353,"href":"https:\/\/www.larsandersjohansson.se\/index.php?rest_route=\/wp\/v2\/posts\/5351\/revisions\/5353"}],"wp:attachment":[{"href":"https:\/\/www.larsandersjohansson.se\/index.php?rest_route=%2Fwp%2Fv2%2Fmedia&parent=5351"}],"wp:term":[{"taxonomy":"category","embeddable":true,"href":"https:\/\/www.larsandersjohansson.se\/index.php?rest_route=%2Fwp%2Fv2%2Fcategories&post=5351"},{"taxonomy":"post_tag","embeddable":true,"href":"https:\/\/www.larsandersjohansson.se\/index.php?rest_route=%2Fwp%2Fv2%2Ftags&post=5351"}],"curies":[{"name":"wp","href":"https:\/\/api.w.org\/{rel}","templated":true}]}}