{"id":5582,"date":"2018-08-19T09:23:48","date_gmt":"2018-08-19T07:23:48","guid":{"rendered":"http:\/\/www.larsandersjohansson.se\/?p=5582"},"modified":"2018-08-19T09:23:48","modified_gmt":"2018-08-19T07:23:48","slug":"fran-bevaringsaren-live-i-spiksmedjan","status":"publish","type":"post","link":"https:\/\/www.larsandersjohansson.se\/?p=5582","title":{"rendered":"Fr\u00e5n bev\u00e4rings\u00e5ren, live i Spiksmedjan"},"content":{"rendered":"<p><iframe loading=\"lazy\" title=\"Fr\u00e5n Bev\u00e4rings\u00e5ren\" width=\"840\" height=\"473\" src=\"https:\/\/www.youtube.com\/embed\/0zxU00ZLWqQ?feature=oembed\" frameborder=\"0\" allow=\"accelerometer; autoplay; encrypted-media; gyroscope; picture-in-picture\" allowfullscreen><\/iframe><\/p>\n<p>&nbsp;<\/p>\n<div class=\"\" data-block=\"true\" data-editor=\"agjto\" data-offset-key=\"crbc7-0-0\">\n<div class=\"_1mf _1mj\" data-offset-key=\"crbc7-0-0\"><span data-offset-key=\"crbc7-0-0\"><span data-text=\"true\">Fr\u00e5n bev\u00e4rings\u00e5ren<\/span><\/span><\/div>\n<\/div>\n<div class=\"\" data-block=\"true\" data-editor=\"agjto\" data-offset-key=\"dli87-0-0\">\n<div class=\"_1mf _1mj\" data-offset-key=\"dli87-0-0\"><span data-offset-key=\"dli87-0-0\"><span data-text=\"true\">Text: Erik Axel karlfeldt<\/span><\/span><\/div>\n<\/div>\n<div class=\"\" data-block=\"true\" data-editor=\"agjto\" data-offset-key=\"fkcst-0-0\">\n<div class=\"_1mf _1mj\" data-offset-key=\"fkcst-0-0\"><span data-offset-key=\"fkcst-0-0\"><span data-text=\"true\">Musik: Lars Anders Johansson<\/span><\/span><\/div>\n<\/div>\n<div class=\"\" data-block=\"true\" data-editor=\"agjto\" data-offset-key=\"fnvtj-0-0\">\n<div class=\"_1mf _1mj\" data-offset-key=\"fnvtj-0-0\"><span data-offset-key=\"fnvtj-0-0\"><span data-text=\"true\">Live i Spiksmedjan Gr\u00e4nsfors bruk 2018<\/span><\/span><\/div>\n<\/div>\n<div class=\"\" data-block=\"true\" data-editor=\"agjto\" data-offset-key=\"6hb0r-0-0\">\n<div class=\"_1mf _1mj\" data-offset-key=\"6hb0r-0-0\"><span data-offset-key=\"6hb0r-0-0\"><span data-text=\"true\">Musiker: Lars Anders Johansson, Thomas von Wachenfeldt, Tomas S\u00f6derlund<\/span><\/span><\/div>\n<\/div>\n<div class=\"\" data-block=\"true\" data-editor=\"agjto\" data-offset-key=\"57ico-0-0\">\n<div class=\"_1mf _1mj\" data-offset-key=\"57ico-0-0\"><span data-offset-key=\"57ico-0-0\">\u00a0<\/span><\/div>\n<\/div>\n<div class=\"\" data-block=\"true\" data-editor=\"agjto\" data-offset-key=\"7vq4c-0-0\">\n<div class=\"_1mf _1mj\" data-offset-key=\"7vq4c-0-0\"><span data-offset-key=\"7vq4c-0-0\"><span data-text=\"true\">Jag \u00e4r m\u00f6nstrad inf\u00f6r kronans bord och jag \u00e4r funnen sund <\/span><\/span><\/div>\n<\/div>\n<div class=\"\" data-block=\"true\" data-editor=\"agjto\" data-offset-key=\"3b6n6-0-0\">\n<div class=\"_1mf _1mj\" data-offset-key=\"3b6n6-0-0\"><span data-offset-key=\"3b6n6-0-0\"><span data-text=\"true\">och med karlasteg jag drager ut ur barndomslekens lund. <\/span><\/span><\/div>\n<\/div>\n<div class=\"\" data-block=\"true\" data-editor=\"agjto\" data-offset-key=\"a6k1o-0-0\">\n<div class=\"_1mf _1mj\" data-offset-key=\"a6k1o-0-0\"><span data-offset-key=\"a6k1o-0-0\"><span data-text=\"true\">Jag f\u00e5r t\u00e5ga med till heden <\/span><\/span><\/div>\n<\/div>\n<div class=\"\" data-block=\"true\" data-editor=\"agjto\" data-offset-key=\"6f8lh-0-0\">\n<div class=\"_1mf _1mj\" data-offset-key=\"6f8lh-0-0\"><span data-offset-key=\"6f8lh-0-0\"><span data-text=\"true\">i de raska k\u00e4mpaleden, <\/span><\/span><\/div>\n<\/div>\n<div class=\"\" data-block=\"true\" data-editor=\"agjto\" data-offset-key=\"3goas-0-0\">\n<div class=\"_1mf _1mj\" data-offset-key=\"3goas-0-0\"><span data-offset-key=\"3goas-0-0\"><span data-text=\"true\">och mitt land har lovat kalla p\u00e5 mig i sin faras stund.<\/span><\/span><\/div>\n<\/div>\n<div class=\"\" data-block=\"true\" data-editor=\"agjto\" data-offset-key=\"9lulc-0-0\">\n<div class=\"_1mf _1mj\" data-offset-key=\"9lulc-0-0\"><span data-offset-key=\"9lulc-0-0\">\u00a0<\/span><\/div>\n<\/div>\n<div class=\"\" data-block=\"true\" data-editor=\"agjto\" data-offset-key=\"7q8g-0-0\">\n<div class=\"_1mf _1mj\" data-offset-key=\"7q8g-0-0\"><span data-offset-key=\"7q8g-0-0\"><span data-text=\"true\">Jag \u00e4r m\u00f6nstrad in i Amors h\u00e4r, den k\u00e4cka h\u00e4r, som g\u00e5r <\/span><\/span><\/div>\n<\/div>\n<div class=\"\" data-block=\"true\" data-editor=\"agjto\" data-offset-key=\"erdmq-0-0\">\n<div class=\"_1mf _1mj\" data-offset-key=\"erdmq-0-0\"><span data-offset-key=\"erdmq-0-0\"><span data-text=\"true\">dit d\u00e4r l\u00e4ngtans \u00f6rnar leda, medan pulsen trumman sl\u00e5r. <\/span><\/span><\/div>\n<\/div>\n<div class=\"\" data-block=\"true\" data-editor=\"agjto\" data-offset-key=\"f8vkl-0-0\">\n<div class=\"_1mf _1mj\" data-offset-key=\"f8vkl-0-0\"><span data-offset-key=\"f8vkl-0-0\"><span data-text=\"true\">Alla flickor som h\u00e4r g\u00e5nga <\/span><\/span><\/div>\n<\/div>\n<div class=\"\" data-block=\"true\" data-editor=\"agjto\" data-offset-key=\"atvcb-0-0\">\n<div class=\"_1mf _1mj\" data-offset-key=\"atvcb-0-0\"><span data-offset-key=\"atvcb-0-0\"><span data-text=\"true\">har jag lov att s\u00f6ka f\u00e5nga, <\/span><\/span><\/div>\n<\/div>\n<div class=\"\" data-block=\"true\" data-editor=\"agjto\" data-offset-key=\"49rcr-0-0\">\n<div class=\"_1mf _1mj\" data-offset-key=\"49rcr-0-0\"><span data-offset-key=\"49rcr-0-0\"><span data-text=\"true\">och det b\u00e4sta bytet f\u00f6r jag hem fr\u00e5n mina krigar\u00e5r.<\/span><\/span><\/div>\n<\/div>\n<div class=\"\" data-block=\"true\" data-editor=\"agjto\" data-offset-key=\"dcocm-0-0\">\n<div class=\"_1mf _1mj\" data-offset-key=\"dcocm-0-0\"><span data-offset-key=\"dcocm-0-0\">\u00a0<\/span><\/div>\n<\/div>\n<div class=\"\" data-block=\"true\" data-editor=\"agjto\" data-offset-key=\"pas7-0-0\">\n<div class=\"_1mf _1mj\" data-offset-key=\"pas7-0-0\"><span data-offset-key=\"pas7-0-0\"><span data-text=\"true\">Jag \u00e4r kallad in av s\u00e5ngens gud till tj\u00e4nst i hans kapell, <\/span><\/span><\/div>\n<\/div>\n<div class=\"\" data-block=\"true\" data-editor=\"agjto\" data-offset-key=\"59bb4-0-0\">\n<div class=\"_1mf _1mj\" data-offset-key=\"59bb4-0-0\"><span data-offset-key=\"59bb4-0-0\"><span data-text=\"true\">och bland m\u00e4sterspelm\u00e4n \u00e4r jag visst den armaste ges\u00e4ll. <\/span><\/span><\/div>\n<\/div>\n<div class=\"\" data-block=\"true\" data-editor=\"agjto\" data-offset-key=\"8fpq6-0-0\">\n<div class=\"_1mf _1mj\" data-offset-key=\"8fpq6-0-0\"><span data-offset-key=\"8fpq6-0-0\"><span data-text=\"true\">Fl\u00f6jten skar jag mig bland viden <\/span><\/span><\/div>\n<\/div>\n<div class=\"\" data-block=\"true\" data-editor=\"agjto\" data-offset-key=\"4vjlv-0-0\">\n<div class=\"_1mf _1mj\" data-offset-key=\"4vjlv-0-0\"><span data-offset-key=\"4vjlv-0-0\"><span data-text=\"true\">i den ljusa savningstiden, <\/span><\/span><\/div>\n<\/div>\n<div class=\"\" data-block=\"true\" data-editor=\"agjto\" data-offset-key=\"8o22l-0-0\">\n<div class=\"_1mf _1mj\" data-offset-key=\"8o22l-0-0\"><span data-offset-key=\"8o22l-0-0\"><span data-text=\"true\">och kring mark som blommar dansar l\u00e5ten yrande och g\u00e4ll.<\/span><\/span><\/div>\n<\/div>\n<div class=\"\" data-block=\"true\" data-editor=\"agjto\" data-offset-key=\"8gku5-0-0\">\n<div class=\"_1mf _1mj\" data-offset-key=\"8gku5-0-0\"><span data-offset-key=\"8gku5-0-0\">\u00a0<\/span><\/div>\n<\/div>\n<div class=\"\" data-block=\"true\" data-editor=\"agjto\" data-offset-key=\"8bj1v-0-0\">\n<div class=\"_1mf _1mj\" data-offset-key=\"8bj1v-0-0\"><span data-offset-key=\"8bj1v-0-0\"><span data-text=\"true\">Och s\u00e5 st\u00e5r jag d\u00e5 i vapenrock som en man bland m\u00e4n, <\/span><\/span><\/div>\n<\/div>\n<div class=\"\" data-block=\"true\" data-editor=\"agjto\" data-offset-key=\"bv9bk-0-0\">\n<div class=\"_1mf _1mj\" data-offset-key=\"bv9bk-0-0\"><span data-offset-key=\"bv9bk-0-0\"><span data-text=\"true\">och med s\u00e5ng jag sv\u00e4r min glada tro \u00e5t fanan och min v\u00e4n. <\/span><\/span><\/div>\n<\/div>\n<div class=\"\" data-block=\"true\" data-editor=\"agjto\" data-offset-key=\"ctevo-0-0\">\n<div class=\"_1mf _1mj\" data-offset-key=\"ctevo-0-0\"><span data-offset-key=\"ctevo-0-0\"><span data-text=\"true\">Nu farv\u00e4l, min barndoms nejder! <\/span><\/span><\/div>\n<\/div>\n<div class=\"\" data-block=\"true\" data-editor=\"agjto\" data-offset-key=\"4c66a-0-0\">\n<div class=\"_1mf _1mj\" data-offset-key=\"4c66a-0-0\"><span data-offset-key=\"4c66a-0-0\"><span data-text=\"true\">Jag g\u00e5r ut i livets fejder; <\/span><\/span><\/div>\n<\/div>\n<div class=\"\" data-block=\"true\" data-editor=\"agjto\" data-offset-key=\"22b27-0-0\">\n<div class=\"_1mf _1mj\" data-offset-key=\"22b27-0-0\"><span data-offset-key=\"22b27-0-0\"><span data-text=\"true\">om jag ej med \u00e4ra kommer, kommer aldrig jag igen.<\/span><\/span><\/div>\n<\/div>\n<div class=\"_1mf _1mj\" data-offset-key=\"22b27-0-0\">\u00a0<\/div>\n<div class=\"_1mf _1mj\" data-offset-key=\"22b27-0-0\">\u00a0<\/div>\n","protected":false},"excerpt":{"rendered":"<p>&nbsp; Fr\u00e5n bev\u00e4rings\u00e5ren Text: Erik Axel karlfeldt Musik: Lars Anders Johansson Live i Spiksmedjan Gr\u00e4nsfors bruk 2018 Musiker: Lars Anders Johansson, Thomas von Wachenfeldt, Tomas S\u00f6derlund \u00a0 Jag \u00e4r m\u00f6nstrad[&#8230;]<\/p>\n","protected":false},"author":1,"featured_media":0,"comment_status":"open","ping_status":"open","sticky":false,"template":"","format":"video","meta":{"ngg_post_thumbnail":0,"jetpack_publicize_message":"","jetpack_is_tweetstorm":false,"jetpack_publicize_feature_enabled":true,"jetpack_social_post_already_shared":false,"jetpack_social_options":{"image_generator_settings":{"template":"highway","enabled":false}}},"categories":[11,7,4,16],"tags":[],"jetpack_publicize_connections":[],"jetpack_featured_media_url":"","_links":{"self":[{"href":"https:\/\/www.larsandersjohansson.se\/index.php?rest_route=\/wp\/v2\/posts\/5582"}],"collection":[{"href":"https:\/\/www.larsandersjohansson.se\/index.php?rest_route=\/wp\/v2\/posts"}],"about":[{"href":"https:\/\/www.larsandersjohansson.se\/index.php?rest_route=\/wp\/v2\/types\/post"}],"author":[{"embeddable":true,"href":"https:\/\/www.larsandersjohansson.se\/index.php?rest_route=\/wp\/v2\/users\/1"}],"replies":[{"embeddable":true,"href":"https:\/\/www.larsandersjohansson.se\/index.php?rest_route=%2Fwp%2Fv2%2Fcomments&post=5582"}],"version-history":[{"count":2,"href":"https:\/\/www.larsandersjohansson.se\/index.php?rest_route=\/wp\/v2\/posts\/5582\/revisions"}],"predecessor-version":[{"id":5584,"href":"https:\/\/www.larsandersjohansson.se\/index.php?rest_route=\/wp\/v2\/posts\/5582\/revisions\/5584"}],"wp:attachment":[{"href":"https:\/\/www.larsandersjohansson.se\/index.php?rest_route=%2Fwp%2Fv2%2Fmedia&parent=5582"}],"wp:term":[{"taxonomy":"category","embeddable":true,"href":"https:\/\/www.larsandersjohansson.se\/index.php?rest_route=%2Fwp%2Fv2%2Fcategories&post=5582"},{"taxonomy":"post_tag","embeddable":true,"href":"https:\/\/www.larsandersjohansson.se\/index.php?rest_route=%2Fwp%2Fv2%2Ftags&post=5582"}],"curies":[{"name":"wp","href":"https:\/\/api.w.org\/{rel}","templated":true}]}}