{"id":5590,"date":"2018-09-27T08:38:11","date_gmt":"2018-09-27T06:38:11","guid":{"rendered":"http:\/\/www.larsandersjohansson.se\/?p=5590"},"modified":"2018-09-27T08:38:11","modified_gmt":"2018-09-27T06:38:11","slug":"traffa-mig-pa-bokmassan-i-goteborg","status":"publish","type":"post","link":"https:\/\/www.larsandersjohansson.se\/?p=5590","title":{"rendered":"Tr\u00e4ffa mig p\u00e5 Bokm\u00e4ssan i G\u00f6teborg"},"content":{"rendered":"<p><a href=\"https:\/\/www.larsandersjohansson.se\/wordpress\/wp-content\/uploads\/2018\/07\/IMG_6829.jpg\"><img decoding=\"async\" loading=\"lazy\" class=\"aligncenter size-large wp-image-5459\" src=\"https:\/\/www.larsandersjohansson.se\/wordpress\/wp-content\/uploads\/2018\/07\/IMG_6829-1024x683.jpg\" alt=\"IMG_6829\" width=\"880\" height=\"587\" srcset=\"https:\/\/www.larsandersjohansson.se\/wordpress\/wp-content\/uploads\/2018\/07\/IMG_6829-1024x683.jpg 1024w, https:\/\/www.larsandersjohansson.se\/wordpress\/wp-content\/uploads\/2018\/07\/IMG_6829-300x200.jpg 300w, https:\/\/www.larsandersjohansson.se\/wordpress\/wp-content\/uploads\/2018\/07\/IMG_6829-768x512.jpg 768w, https:\/\/www.larsandersjohansson.se\/wordpress\/wp-content\/uploads\/2018\/07\/IMG_6829-880x587.jpg 880w, https:\/\/www.larsandersjohansson.se\/wordpress\/wp-content\/uploads\/2018\/07\/IMG_6829-500x333.jpg 500w\" sizes=\"(max-width: 880px) 100vw, 880px\" \/><\/a><\/p>\n<p>I dag b\u00f6rjar Bok- och biblioteksm\u00e4ssan i G\u00f6teborg. Ni som skall dit h\u00e4r ett antal m\u00f6jligheter att h\u00f6ra mig tala i olika \u00e4mnen:<\/p>\n<p><strong>Torsdag 27 september<\/strong><\/p>\n<p>11.30-12.00 \u00c4r ideologierna d\u00f6da. Panelsamtal med Jonna Sima och Adam Cwejman i G\u00f6teborgs-Postens monter.<\/p>\n<p><strong>Fredag 28 september<\/strong><\/p>\n<p>10:00 \u2013 10.45 Framtidens kulturpolitik \u2013 en fr\u00e5ga f\u00f6r populister och extremister? Panelsamtal med Stina Oscarson och Calle Nathansson. Moderator: Gunilla Kindstrand. Scen K2.<\/p>\n<p>14:00-14.15 \u00c4r det slut p\u00e5 konsensus i kulturpolitiken? Monter B07:28<\/p>\n<p><strong>L\u00f6rdag 29 september<\/strong><\/p>\n<p>11.30-11.45 Hur f\u00e5r vi den svenska skolan p\u00e5 f\u00f6tter igen? Samtal med Isak Skogstad. Monter B07:28<\/p>\n<p>14.30-14.45 Opinionsjournalistik i ett f\u00f6r\u00e4ndrat medielandskap. Monter B07:28<\/p>\n<p>15.30-15.45 \u00c4r dagens rivningsv\u00e5g en repris p\u00e5 1960-talets? Samtal med Malin Lernfelt. Monter B07:28<\/p>\n<p><strong>S\u00f6ndag 30 september<\/strong><\/p>\n<p>11.30-11.45 Vilka \u00e4r n\u00e4sta mandatperiods kulturpolitiska stridsfr\u00e5gor? Monter B07:28<\/p>\n","protected":false},"excerpt":{"rendered":"<p>I dag b\u00f6rjar Bok- och biblioteksm\u00e4ssan i G\u00f6teborg. Ni som skall dit h\u00e4r ett antal m\u00f6jligheter att h\u00f6ra mig tala i olika \u00e4mnen: Torsdag 27 september 11.30-12.00 \u00c4r ideologierna d\u00f6da.[&#8230;]<\/p>\n","protected":false},"author":1,"featured_media":0,"comment_status":"open","ping_status":"open","sticky":false,"template":"","format":"standard","meta":{"ngg_post_thumbnail":0,"jetpack_publicize_message":"","jetpack_is_tweetstorm":false,"jetpack_publicize_feature_enabled":true,"jetpack_social_post_already_shared":false,"jetpack_social_options":{"image_generator_settings":{"template":"highway","enabled":false}}},"categories":[20,5,4],"tags":[],"jetpack_publicize_connections":[],"jetpack_featured_media_url":"","_links":{"self":[{"href":"https:\/\/www.larsandersjohansson.se\/index.php?rest_route=\/wp\/v2\/posts\/5590"}],"collection":[{"href":"https:\/\/www.larsandersjohansson.se\/index.php?rest_route=\/wp\/v2\/posts"}],"about":[{"href":"https:\/\/www.larsandersjohansson.se\/index.php?rest_route=\/wp\/v2\/types\/post"}],"author":[{"embeddable":true,"href":"https:\/\/www.larsandersjohansson.se\/index.php?rest_route=\/wp\/v2\/users\/1"}],"replies":[{"embeddable":true,"href":"https:\/\/www.larsandersjohansson.se\/index.php?rest_route=%2Fwp%2Fv2%2Fcomments&post=5590"}],"version-history":[{"count":3,"href":"https:\/\/www.larsandersjohansson.se\/index.php?rest_route=\/wp\/v2\/posts\/5590\/revisions"}],"predecessor-version":[{"id":5593,"href":"https:\/\/www.larsandersjohansson.se\/index.php?rest_route=\/wp\/v2\/posts\/5590\/revisions\/5593"}],"wp:attachment":[{"href":"https:\/\/www.larsandersjohansson.se\/index.php?rest_route=%2Fwp%2Fv2%2Fmedia&parent=5590"}],"wp:term":[{"taxonomy":"category","embeddable":true,"href":"https:\/\/www.larsandersjohansson.se\/index.php?rest_route=%2Fwp%2Fv2%2Fcategories&post=5590"},{"taxonomy":"post_tag","embeddable":true,"href":"https:\/\/www.larsandersjohansson.se\/index.php?rest_route=%2Fwp%2Fv2%2Ftags&post=5590"}],"curies":[{"name":"wp","href":"https:\/\/api.w.org\/{rel}","templated":true}]}}