{"id":5595,"date":"2019-01-10T12:54:27","date_gmt":"2019-01-10T11:54:27","guid":{"rendered":"http:\/\/www.larsandersjohansson.se\/?p=5595"},"modified":"2019-10-03T14:38:23","modified_gmt":"2019-10-03T12:38:23","slug":"epitafium-live-pa-teaterstudio-lederman-stockholm-2018","status":"publish","type":"post","link":"https:\/\/www.larsandersjohansson.se\/?p=5595","title":{"rendered":"Epitafium. Live p\u00e5 Teaterstudio Lederman, Stockholm, 2018."},"content":{"rendered":"<p>[embedyt] http:\/\/www.youtube.com\/watch?v=El9A-JAaZpM[\/embedyt]<\/p>\n<p><!--more--><\/p>\n<h1>Epitafium<\/h1>\n<p><em>Text och musik:\u00a0<a class=\"profileLink\" href=\"https:\/\/www.facebook.com\/larsandersjohansson\/?__tn__=K-R&amp;eid=ARB4kZeeHgL9SJZMaKWb57Myiy3Iu4hSTgAQS_d9ok0T6j6LIf02oT2HqsiMMq7NhoHScCVhrNjJh0Qc&amp;fref=mentions&amp;__xts__%5B0%5D=68.ARAZUzU0--ElV2OLHItUaw3CFoiwIlupJ0kSZRexlbcUikJVI9L8EaQ7iaPmaYwwMioTDnBmGYcrldnwNfKA0_48IMvzUWJBLev7Fs1LaaADmAn8-Y-oYdFsrE9xXhH5uv5VPh5SE80FKfiwxFZXLg85Xsoja1OzGBcLuQxG79vCt8-f9aDCRXMFySNwrLaUVQVa6giYSq-GBJylteFtiirLBPSm12IM0DltxMOJozNBVWfzXV6Ll-KBgwbdTZlH9zuVIOvgZBSUjwMAaFj0dKBsvaA9aaRe5o-ULBQE8wVmAaeuGUhicsEGthHLsebHUPgrICtVhsi8tk8ZhZ2t47yLz6OQ0fgAk-RtlmRZArTIZtqbjHFi75xV6zQYUSGZORUYb7Nsabi54KPdBHGbBqWxJA\" data-hovercard=\"\/ajax\/hovercard\/page.php?id=188779950355&amp;extragetparams=%7B%22__tn__%22%3A%22%2CdK-R-R%22%2C%22eid%22%3A%22ARB4kZeeHgL9SJZMaKWb57Myiy3Iu4hSTgAQS_d9ok0T6j6LIf02oT2HqsiMMq7NhoHScCVhrNjJh0Qc%22%2C%22fref%22%3A%22mentions%22%7D\" data-hovercard-prefer-more-content-show=\"1\">Lars Anders Johansson<br \/><\/a>Live p\u00e5 Teaterstudio Lederman, Stockholm, 2018.<\/em><br \/><em>Medverkande musiker:\u00a0<a class=\"profileLink\" href=\"https:\/\/www.facebook.com\/lars.anders.johansson1981?__tn__=K-R&amp;eid=ARCPx0utP66EtpdCDmz_KNPyC-A6y9dOHfdTOg5Hl4J1X8ZSDvL6BNM8-3MbDQb3IzfZxeDreqKF3DrE&amp;fref=mentions&amp;__xts__%5B0%5D=68.ARAZUzU0--ElV2OLHItUaw3CFoiwIlupJ0kSZRexlbcUikJVI9L8EaQ7iaPmaYwwMioTDnBmGYcrldnwNfKA0_48IMvzUWJBLev7Fs1LaaADmAn8-Y-oYdFsrE9xXhH5uv5VPh5SE80FKfiwxFZXLg85Xsoja1OzGBcLuQxG79vCt8-f9aDCRXMFySNwrLaUVQVa6giYSq-GBJylteFtiirLBPSm12IM0DltxMOJozNBVWfzXV6Ll-KBgwbdTZlH9zuVIOvgZBSUjwMAaFj0dKBsvaA9aaRe5o-ULBQE8wVmAaeuGUhicsEGthHLsebHUPgrICtVhsi8tk8ZhZ2t47yLz6OQ0fgAk-RtlmRZArTIZtqbjHFi75xV6zQYUSGZORUYb7Nsabi54KPdBHGbBqWxJA\" data-hovercard=\"\/ajax\/hovercard\/user.php?id=528842760&amp;extragetparams=%7B%22__tn__%22%3A%22%2CdK-R-R%22%2C%22eid%22%3A%22ARCPx0utP66EtpdCDmz_KNPyC-A6y9dOHfdTOg5Hl4J1X8ZSDvL6BNM8-3MbDQb3IzfZxeDreqKF3DrE%22%2C%22fref%22%3A%22mentions%22%7D\" data-hovercard-prefer-more-content-show=\"1\">Lars Anders Johansson<\/a>,\u00a0<a class=\"profileLink\" href=\"https:\/\/www.facebook.com\/thomas.wachenfeldt?__tn__=K-R&amp;eid=ARBADu-SUL-Sx_zRxbeWD0yzS9fiDaEZFFfQ-7ma5NjXi3w4gGCDKcl-RjQaaKkp1XekgAVNuRHX9ihc&amp;fref=mentions&amp;__xts__%5B0%5D=68.ARAZUzU0--ElV2OLHItUaw3CFoiwIlupJ0kSZRexlbcUikJVI9L8EaQ7iaPmaYwwMioTDnBmGYcrldnwNfKA0_48IMvzUWJBLev7Fs1LaaADmAn8-Y-oYdFsrE9xXhH5uv5VPh5SE80FKfiwxFZXLg85Xsoja1OzGBcLuQxG79vCt8-f9aDCRXMFySNwrLaUVQVa6giYSq-GBJylteFtiirLBPSm12IM0DltxMOJozNBVWfzXV6Ll-KBgwbdTZlH9zuVIOvgZBSUjwMAaFj0dKBsvaA9aaRe5o-ULBQE8wVmAaeuGUhicsEGthHLsebHUPgrICtVhsi8tk8ZhZ2t47yLz6OQ0fgAk-RtlmRZArTIZtqbjHFi75xV6zQYUSGZORUYb7Nsabi54KPdBHGbBqWxJA\" data-hovercard=\"\/ajax\/hovercard\/user.php?id=644325438&amp;extragetparams=%7B%22__tn__%22%3A%22%2CdK-R-R%22%2C%22eid%22%3A%22ARBADu-SUL-Sx_zRxbeWD0yzS9fiDaEZFFfQ-7ma5NjXi3w4gGCDKcl-RjQaaKkp1XekgAVNuRHX9ihc%22%2C%22fref%22%3A%22mentions%22%7D\" data-hovercard-prefer-more-content-show=\"1\">Thomas von Wachenfeldt<\/a>,\u00a0<a class=\"profileLink\" href=\"https:\/\/www.facebook.com\/pelle.westlin?__tn__=K-R&amp;eid=ARDkl3FJM6nlpy1S7FBXuhCBtZujRwd2bQmKfhy-WblMPHK1UebLPfglGH8ySWEJZ61md3aIzjcFm6Yd&amp;fref=mentions&amp;__xts__%5B0%5D=68.ARAZUzU0--ElV2OLHItUaw3CFoiwIlupJ0kSZRexlbcUikJVI9L8EaQ7iaPmaYwwMioTDnBmGYcrldnwNfKA0_48IMvzUWJBLev7Fs1LaaADmAn8-Y-oYdFsrE9xXhH5uv5VPh5SE80FKfiwxFZXLg85Xsoja1OzGBcLuQxG79vCt8-f9aDCRXMFySNwrLaUVQVa6giYSq-GBJylteFtiirLBPSm12IM0DltxMOJozNBVWfzXV6Ll-KBgwbdTZlH9zuVIOvgZBSUjwMAaFj0dKBsvaA9aaRe5o-ULBQE8wVmAaeuGUhicsEGthHLsebHUPgrICtVhsi8tk8ZhZ2t47yLz6OQ0fgAk-RtlmRZArTIZtqbjHFi75xV6zQYUSGZORUYb7Nsabi54KPdBHGbBqWxJA\" data-hovercard=\"\/ajax\/hovercard\/user.php?id=529016258&amp;extragetparams=%7B%22__tn__%22%3A%22%2CdK-R-R%22%2C%22eid%22%3A%22ARDkl3FJM6nlpy1S7FBXuhCBtZujRwd2bQmKfhy-WblMPHK1UebLPfglGH8ySWEJZ61md3aIzjcFm6Yd%22%2C%22fref%22%3A%22mentions%22%7D\" data-hovercard-prefer-more-content-show=\"1\">Pelle Westlin<\/a>\u00a0och\u00a0<a class=\"profileLink\" href=\"https:\/\/www.facebook.com\/jacob.tellin.1?__tn__=K-R&amp;eid=ARCLGFnbGWlBGj2Wbjc4oLa9_6Ju7aA5uNVVpSdUAWIRMt8hTqiWE7nsHp4SnrXpfwOHqi9NBuDknA2V&amp;fref=mentions&amp;__xts__%5B0%5D=68.ARAZUzU0--ElV2OLHItUaw3CFoiwIlupJ0kSZRexlbcUikJVI9L8EaQ7iaPmaYwwMioTDnBmGYcrldnwNfKA0_48IMvzUWJBLev7Fs1LaaADmAn8-Y-oYdFsrE9xXhH5uv5VPh5SE80FKfiwxFZXLg85Xsoja1OzGBcLuQxG79vCt8-f9aDCRXMFySNwrLaUVQVa6giYSq-GBJylteFtiirLBPSm12IM0DltxMOJozNBVWfzXV6Ll-KBgwbdTZlH9zuVIOvgZBSUjwMAaFj0dKBsvaA9aaRe5o-ULBQE8wVmAaeuGUhicsEGthHLsebHUPgrICtVhsi8tk8ZhZ2t47yLz6OQ0fgAk-RtlmRZArTIZtqbjHFi75xV6zQYUSGZORUYb7Nsabi54KPdBHGbBqWxJA\" data-hovercard=\"\/ajax\/hovercard\/user.php?id=616712981&amp;extragetparams=%7B%22__tn__%22%3A%22%2CdK-R-R%22%2C%22eid%22%3A%22ARCLGFnbGWlBGj2Wbjc4oLa9_6Ju7aA5uNVVpSdUAWIRMt8hTqiWE7nsHp4SnrXpfwOHqi9NBuDknA2V%22%2C%22fref%22%3A%22mentions%22%7D\" data-hovercard-prefer-more-content-show=\"1\">Jacob Tellin<\/a>.<\/em><\/p>\n<div class=\"text_exposed_show\">\n<p>Balthasar \u00e4r d\u00f6d,<br \/>jag fick veta det ig\u00e5r.<br \/>Han hade lagt sig ned att sova<br \/>p\u00e5 ett j\u00e4rnv\u00e4gssp\u00e5r.<br \/>Om han gjorde det med vilje<br \/>f\u00f6r sitt brustna hj\u00e4rtas skull<br \/>det f\u00e5r vi aldrig veta.<br \/>Kanske var han bara full.<\/p>\n<p>Balthasar \u00e4r d\u00f6d<br \/>och nu st\u00e5r gr\u00e5terskor p\u00e5 led<br \/>och bilden av en k\u00e4mpe<br \/>kommer de att montera ned<br \/>och ers\u00e4tta med bilden<br \/>utav n\u00e5\u2019n som aldrig fanns.<br \/>F\u00f6r vem vill s\u00f6rja den som f\u00f6rt<br \/>ett liv s\u00e5dant som hans?<\/p>\n<p>Men jag ska alltid minnas honom<br \/>som han en g\u00e5ng var:<br \/>n\u00e4r andra vikte ned sig<br \/>d\u00e5 stod han ensam kvar.<br \/>Under alla dessa \u00e5r\u00a0<br \/>han levde r\u00f6vare p\u00e5 stan<br \/>som punkare, som skinnskalle,<br \/>som fotbollshuligan.<\/p>\n<p>Jag ska minnas hur han stod i striden<br \/>hotfull, stark och trygg<br \/>med fyra kickers kl\u00e4ttrande\u00a0<br \/>upp\u00e5 hans breda rygg.<br \/>Hur han skakade dem av sig<br \/>de fick aldrig honom fatt<br \/>och mellan glesa t\u00e4nder bullrade<br \/>hans m\u00f6rka skratt.<\/p>\n<p>Han valde sina strider<br \/>\u2013 valde varenda en.<br \/>Ja, han s\u00f6kte sig till v\u00e5ldet<br \/>men han var en trofast v\u00e4n.<br \/>Han h\u00f6gg aldrig n\u00e5n i ryggen<br \/>men n\u00e5gon g\u00e5ng d\u00e4r fram.<br \/>Fast f\u00f6rv\u00e4ntningarna var h\u00f6ga<br \/>kom de aldrig p\u00e5 skam.<\/p>\n<p>Jag reste hans bl\u00e5 tuppkam<br \/>medelst kladdigt gelatin,<br \/>n\u00e5t \u00e5r d\u00e4refter tog jag bort den<br \/>med en rakmaskin.<br \/>Vi var som ler och l\u00e5nghalm,<br \/>fast vi var som natt och dag:<br \/>han var f\u00e5ordig och stark<br \/>och jag var tjattrande och svag.<\/p>\n<p>Jag ska alltid minnas honom<br \/>som han en g\u00e5ng var:<br \/>n\u00e4r andra vikte ned sig<br \/>d\u00e5 stod han ensam kvar.<br \/>Under alla dessa \u00e5r\u00a0<br \/>han levde r\u00f6vare p\u00e5 sta\u2019n.<br \/>Som punkare, som skinnskalle,<br \/>som fotbollshuligan.<\/p>\n<\/div>\n<p>&nbsp;<\/p>\n","protected":false},"excerpt":{"rendered":"<p>[embedyt] http:\/\/www.youtube.com\/watch?v=El9A-JAaZpM[\/embedyt]<\/p>\n","protected":false},"author":1,"featured_media":5318,"comment_status":"open","ping_status":"open","sticky":false,"template":"","format":"video","meta":{"ngg_post_thumbnail":0,"jetpack_publicize_message":"","jetpack_is_tweetstorm":false,"jetpack_publicize_feature_enabled":true,"jetpack_social_post_already_shared":false,"jetpack_social_options":{"image_generator_settings":{"template":"highway","enabled":false}}},"categories":[4,9,16],"tags":[],"jetpack_publicize_connections":[],"jetpack_featured_media_url":"https:\/\/www.larsandersjohansson.se\/wordpress\/wp-content\/uploads\/2018\/03\/img_4105.jpg","_links":{"self":[{"href":"https:\/\/www.larsandersjohansson.se\/index.php?rest_route=\/wp\/v2\/posts\/5595"}],"collection":[{"href":"https:\/\/www.larsandersjohansson.se\/index.php?rest_route=\/wp\/v2\/posts"}],"about":[{"href":"https:\/\/www.larsandersjohansson.se\/index.php?rest_route=\/wp\/v2\/types\/post"}],"author":[{"embeddable":true,"href":"https:\/\/www.larsandersjohansson.se\/index.php?rest_route=\/wp\/v2\/users\/1"}],"replies":[{"embeddable":true,"href":"https:\/\/www.larsandersjohansson.se\/index.php?rest_route=%2Fwp%2Fv2%2Fcomments&post=5595"}],"version-history":[{"count":7,"href":"https:\/\/www.larsandersjohansson.se\/index.php?rest_route=\/wp\/v2\/posts\/5595\/revisions"}],"predecessor-version":[{"id":5750,"href":"https:\/\/www.larsandersjohansson.se\/index.php?rest_route=\/wp\/v2\/posts\/5595\/revisions\/5750"}],"wp:featuredmedia":[{"embeddable":true,"href":"https:\/\/www.larsandersjohansson.se\/index.php?rest_route=\/wp\/v2\/media\/5318"}],"wp:attachment":[{"href":"https:\/\/www.larsandersjohansson.se\/index.php?rest_route=%2Fwp%2Fv2%2Fmedia&parent=5595"}],"wp:term":[{"taxonomy":"category","embeddable":true,"href":"https:\/\/www.larsandersjohansson.se\/index.php?rest_route=%2Fwp%2Fv2%2Fcategories&post=5595"},{"taxonomy":"post_tag","embeddable":true,"href":"https:\/\/www.larsandersjohansson.se\/index.php?rest_route=%2Fwp%2Fv2%2Ftags&post=5595"}],"curies":[{"name":"wp","href":"https:\/\/api.w.org\/{rel}","templated":true}]}}