{"id":5602,"date":"2019-06-18T10:09:35","date_gmt":"2019-06-18T08:09:35","guid":{"rendered":"http:\/\/www.larsandersjohansson.se\/?p=5602"},"modified":"2019-10-03T08:14:07","modified_gmt":"2019-10-03T06:14:07","slug":"almedalsprogram-2019","status":"publish","type":"post","link":"https:\/\/www.larsandersjohansson.se\/?p=5602","title":{"rendered":"Almedalsprogram 2019"},"content":{"rendered":"\n<p>L\u00e5t oss sk\u00e5la f\u00f6r demokratin, och gratis snittar och vin!<\/p>\n\n\n\n<p>Om drygt en vecka drar politikerveckan p\u00e5 Gotland ig\u00e5ng. Jag kommer att finnas p\u00e5 plats redan helgen innan och fram till och med onsdagen. F\u00f6r den som vill h\u00f6ra mig h\u00e5lla l\u00e5da ges fyra tillf\u00e4llen:<\/p>\n\n\n\n<p><strong>M\u00e5ndag 1\/7<\/strong><strong>\n<\/strong><\/p>\n\n\n\n<p><strong><\/strong>10.15-12.00<br><strong>Kulturmilj\u00f6 och byggnadsv\u00e5rd &#8211; stadsplaneringens blinda fl\u00e4ck?<br><\/strong>Arrang\u00f6r: Svenska Byggnadsv\u00e5rdsf\u00f6reningen<br>Plats: E-huset, Uppsala universitet, Huvudentr\u00e9 Cram\u00e9rgatan 3<br>L\u00e4nk: <a href=\"http:\/\/program.almedalsveckan.info\/event\/user-view\/59164\">http:\/\/program.almedalsveckan.info\/event\/user-view\/59164<\/a><a href=\"http:\/\/program.almedalsveckan.info\/event\/user-view\/59164\">\n<\/a><\/p>\n\n\n\n<p><a href=\"http:\/\/program.almedalsveckan.info\/event\/user-view\/59164\"><\/a>14.00-14.30<br><strong>Vem vinner kulturkriget?<br><\/strong>Arrang\u00f6r: ABF<br>Plats: ABF:s t\u00e4lt, Cram\u00e9rgatan, H301<br>L\u00e4nk: <a href=\"http:\/\/program.almedalsveckan.info\/event\/user-view\/56773\">http:\/\/program.almedalsveckan.info\/event\/user-view\/56773<\/a><a href=\"http:\/\/program.almedalsveckan.info\/event\/user-view\/56773\">\n<\/a><\/p>\n\n\n\n<p><a href=\"http:\/\/program.almedalsveckan.info\/event\/user-view\/56773\"><\/a><strong>Onsdag 3\/7<\/strong><\/p>\n\n\n\n<p><strong><br><\/strong>11.00-11.30<br><strong>Folkbildning &#8211; v\u00e4nsterflum eller ett individuellt frihetsprojekt?<\/strong><br> Arrang\u00f6r: ABF<br>Plats: ABF:s t\u00e4lt, Cram\u00e9rgatan, H301<br>L\u00e4nk: <a href=\"http:\/\/program.almedalsveckan.info\/event\/user-view\/56809\">http:\/\/program.almedalsveckan.info\/event\/user-view\/56809<\/a><a href=\"http:\/\/program.almedalsveckan.info\/event\/user-view\/56809\">\n<\/a><\/p>\n\n\n\n<p><a href=\"http:\/\/program.almedalsveckan.info\/event\/user-view\/56809\"><\/a>16.15-17.15<br><strong>Kulturinstitutionernas roll och framtid<br><\/strong>Arrang\u00f6r: Kulturhuset\/Forum Debatt<br>Plats: L\u00e4nsteatern, Bredgatan 10<br>L\u00e4nk: <a href=\"http:\/\/program.almedalsveckan.info\/event\/user-view\/59515\">http:\/\/program.almedalsveckan.info\/event\/user-view\/59515<\/a><\/p>\n","protected":false},"excerpt":{"rendered":"<p>L\u00e5t oss sk\u00e5la f\u00f6r demokratin, och gratis snittar och vin! Om drygt en vecka drar politikerveckan p\u00e5 Gotland ig\u00e5ng. Jag kommer att finnas p\u00e5 plats redan helgen innan och fram[&#8230;]<\/p>\n","protected":false},"author":1,"featured_media":5684,"comment_status":"open","ping_status":"open","sticky":false,"template":"","format":"standard","meta":{"ngg_post_thumbnail":0,"jetpack_publicize_message":"","jetpack_is_tweetstorm":false,"jetpack_publicize_feature_enabled":true,"jetpack_social_post_already_shared":false,"jetpack_social_options":{"image_generator_settings":{"template":"highway","enabled":false}}},"categories":[5,4],"tags":[],"jetpack_publicize_connections":[],"jetpack_featured_media_url":"https:\/\/www.larsandersjohansson.se\/wordpress\/wp-content\/uploads\/2019\/09\/66086957_10156217798402761_4528066836285095936_n.jpg","_links":{"self":[{"href":"https:\/\/www.larsandersjohansson.se\/index.php?rest_route=\/wp\/v2\/posts\/5602"}],"collection":[{"href":"https:\/\/www.larsandersjohansson.se\/index.php?rest_route=\/wp\/v2\/posts"}],"about":[{"href":"https:\/\/www.larsandersjohansson.se\/index.php?rest_route=\/wp\/v2\/types\/post"}],"author":[{"embeddable":true,"href":"https:\/\/www.larsandersjohansson.se\/index.php?rest_route=\/wp\/v2\/users\/1"}],"replies":[{"embeddable":true,"href":"https:\/\/www.larsandersjohansson.se\/index.php?rest_route=%2Fwp%2Fv2%2Fcomments&post=5602"}],"version-history":[{"count":3,"href":"https:\/\/www.larsandersjohansson.se\/index.php?rest_route=\/wp\/v2\/posts\/5602\/revisions"}],"predecessor-version":[{"id":5705,"href":"https:\/\/www.larsandersjohansson.se\/index.php?rest_route=\/wp\/v2\/posts\/5602\/revisions\/5705"}],"wp:featuredmedia":[{"embeddable":true,"href":"https:\/\/www.larsandersjohansson.se\/index.php?rest_route=\/wp\/v2\/media\/5684"}],"wp:attachment":[{"href":"https:\/\/www.larsandersjohansson.se\/index.php?rest_route=%2Fwp%2Fv2%2Fmedia&parent=5602"}],"wp:term":[{"taxonomy":"category","embeddable":true,"href":"https:\/\/www.larsandersjohansson.se\/index.php?rest_route=%2Fwp%2Fv2%2Fcategories&post=5602"},{"taxonomy":"post_tag","embeddable":true,"href":"https:\/\/www.larsandersjohansson.se\/index.php?rest_route=%2Fwp%2Fv2%2Ftags&post=5602"}],"curies":[{"name":"wp","href":"https:\/\/api.w.org\/{rel}","templated":true}]}}