{"id":5644,"date":"2019-07-29T15:43:15","date_gmt":"2019-07-29T13:43:15","guid":{"rendered":"http:\/\/www.larsandersjohansson.se\/?p=5644"},"modified":"2019-10-03T07:47:25","modified_gmt":"2019-10-03T05:47:25","slug":"bilder-fran-konserten-pa-karlfeldtsgarden-2019","status":"publish","type":"post","link":"https:\/\/www.larsandersjohansson.se\/?p=5644","title":{"rendered":"Bilder fr\u00e5n konserten p\u00e5 Karlfeldtsg\u00e5rden 2019"},"content":{"rendered":"\n<div class=\"wp-block-image\"><figure class=\"aligncenter\"><a href=\"https:\/\/www.larsandersjohansson.se\/wordpress\/wp-content\/uploads\/2019\/07\/Avesta-201911.jpg\"><img decoding=\"async\" loading=\"lazy\" width=\"1024\" height=\"683\" src=\"https:\/\/www.larsandersjohansson.se\/wordpress\/wp-content\/uploads\/2019\/07\/Avesta-201911-1024x683.jpg\" alt=\"Lars Anders Johansson och Thomas von Wachenfeldt p\u00e5 Karlfeldtsg\u00e5rden i Karlbo, l\u00f6rdagen den 27 juli 2019.\" class=\"wp-image-5642\" srcset=\"https:\/\/www.larsandersjohansson.se\/wordpress\/wp-content\/uploads\/2019\/07\/Avesta-201911-1024x683.jpg 1024w, https:\/\/www.larsandersjohansson.se\/wordpress\/wp-content\/uploads\/2019\/07\/Avesta-201911-300x200.jpg 300w, https:\/\/www.larsandersjohansson.se\/wordpress\/wp-content\/uploads\/2019\/07\/Avesta-201911-768x512.jpg 768w, https:\/\/www.larsandersjohansson.se\/wordpress\/wp-content\/uploads\/2019\/07\/Avesta-201911-880x587.jpg 880w, https:\/\/www.larsandersjohansson.se\/wordpress\/wp-content\/uploads\/2019\/07\/Avesta-201911-500x333.jpg 500w\" sizes=\"(max-width: 1024px) 100vw, 1024px\" \/><\/a><figcaption>Lars Anders Johansson och Thomas von Wachenfeldt p\u00e5 Karlfeldtsg\u00e5rden i Karlbo, l\u00f6rdagen den 27 juli 2019.<\/figcaption><\/figure><\/div>\n\n\n\n<div class=\"wp-block-image\"><figure class=\"aligncenter\"><a href=\"https:\/\/www.larsandersjohansson.se\/wordpress\/wp-content\/uploads\/2019\/07\/Avesta-201910.jpg\"><img decoding=\"async\" loading=\"lazy\" width=\"1024\" height=\"683\" src=\"https:\/\/www.larsandersjohansson.se\/wordpress\/wp-content\/uploads\/2019\/07\/Avesta-201910-1024x683.jpg\" alt=\"Lars Anders Johansson och Thomas von Wachenfeldt p\u00e5 Karlfeldtsg\u00e5rden i Karlbo, l\u00f6rdagen den 27 juli 2019.\" class=\"wp-image-5640\" srcset=\"https:\/\/www.larsandersjohansson.se\/wordpress\/wp-content\/uploads\/2019\/07\/Avesta-201910-1024x683.jpg 1024w, https:\/\/www.larsandersjohansson.se\/wordpress\/wp-content\/uploads\/2019\/07\/Avesta-201910-300x200.jpg 300w, https:\/\/www.larsandersjohansson.se\/wordpress\/wp-content\/uploads\/2019\/07\/Avesta-201910-768x512.jpg 768w, https:\/\/www.larsandersjohansson.se\/wordpress\/wp-content\/uploads\/2019\/07\/Avesta-201910-880x587.jpg 880w, https:\/\/www.larsandersjohansson.se\/wordpress\/wp-content\/uploads\/2019\/07\/Avesta-201910-500x333.jpg 500w\" sizes=\"(max-width: 1024px) 100vw, 1024px\" \/><\/a><figcaption>Lars Anders Johansson och Thomas von Wachenfeldt p\u00e5 Karlfeldtsg\u00e5rden i Karlbo, l\u00f6rdagen den 27 juli 2019.<\/figcaption><\/figure><\/div>\n\n\n\n<div class=\"wp-block-image\"><figure class=\"aligncenter\"><a href=\"https:\/\/www.larsandersjohansson.se\/wordpress\/wp-content\/uploads\/2019\/07\/Avesta-20199.jpg\"><img decoding=\"async\" loading=\"lazy\" width=\"1024\" height=\"683\" src=\"https:\/\/www.larsandersjohansson.se\/wordpress\/wp-content\/uploads\/2019\/07\/Avesta-20199-1024x683.jpg\" alt=\"Lars Anders Johansson och Thomas von Wachenfeldt p\u00e5 Karlfeldtsg\u00e5rden i Karlbo, l\u00f6rdagen den 27 juli 2019.\" class=\"wp-image-5638\" srcset=\"https:\/\/www.larsandersjohansson.se\/wordpress\/wp-content\/uploads\/2019\/07\/Avesta-20199-1024x683.jpg 1024w, https:\/\/www.larsandersjohansson.se\/wordpress\/wp-content\/uploads\/2019\/07\/Avesta-20199-300x200.jpg 300w, https:\/\/www.larsandersjohansson.se\/wordpress\/wp-content\/uploads\/2019\/07\/Avesta-20199-768x512.jpg 768w, https:\/\/www.larsandersjohansson.se\/wordpress\/wp-content\/uploads\/2019\/07\/Avesta-20199-880x587.jpg 880w, https:\/\/www.larsandersjohansson.se\/wordpress\/wp-content\/uploads\/2019\/07\/Avesta-20199-500x333.jpg 500w\" sizes=\"(max-width: 1024px) 100vw, 1024px\" \/><\/a><figcaption>Lars Anders Johansson och Thomas von Wachenfeldt p\u00e5 Karlfeldtsg\u00e5rden i Karlbo, l\u00f6rdagen den 27 juli 2019.<\/figcaption><\/figure><\/div>\n\n\n\n<div class=\"wp-block-image\"><figure class=\"aligncenter\"><a href=\"https:\/\/www.larsandersjohansson.se\/wordpress\/wp-content\/uploads\/2019\/07\/Avesta-20198.jpg\"><img decoding=\"async\" loading=\"lazy\" width=\"1024\" height=\"683\" src=\"https:\/\/www.larsandersjohansson.se\/wordpress\/wp-content\/uploads\/2019\/07\/Avesta-20198-1024x683.jpg\" alt=\"Lars Anders Johansson och Thomas von Wachenfeldt p\u00e5 Karlfeldtsg\u00e5rden i Karlbo, l\u00f6rdagen den 27 juli 2019.\" class=\"wp-image-5636\" srcset=\"https:\/\/www.larsandersjohansson.se\/wordpress\/wp-content\/uploads\/2019\/07\/Avesta-20198-1024x683.jpg 1024w, https:\/\/www.larsandersjohansson.se\/wordpress\/wp-content\/uploads\/2019\/07\/Avesta-20198-300x200.jpg 300w, https:\/\/www.larsandersjohansson.se\/wordpress\/wp-content\/uploads\/2019\/07\/Avesta-20198-768x512.jpg 768w, https:\/\/www.larsandersjohansson.se\/wordpress\/wp-content\/uploads\/2019\/07\/Avesta-20198-880x587.jpg 880w, https:\/\/www.larsandersjohansson.se\/wordpress\/wp-content\/uploads\/2019\/07\/Avesta-20198-500x333.jpg 500w\" sizes=\"(max-width: 1024px) 100vw, 1024px\" \/><\/a><figcaption>Lars Anders Johansson och Thomas von Wachenfeldt p\u00e5 Karlfeldtsg\u00e5rden i Karlbo, l\u00f6rdagen den 27 juli 2019.<\/figcaption><\/figure><\/div>\n\n\n\n<div class=\"wp-block-image\"><figure class=\"aligncenter\"><a href=\"https:\/\/www.larsandersjohansson.se\/wordpress\/wp-content\/uploads\/2019\/07\/Avesta-20197.jpg\"><img decoding=\"async\" loading=\"lazy\" width=\"1024\" height=\"683\" src=\"https:\/\/www.larsandersjohansson.se\/wordpress\/wp-content\/uploads\/2019\/07\/Avesta-20197-1024x683.jpg\" alt=\"Lars Anders Johansson och Thomas von Wachenfeldt p\u00e5 Karlfeldtsg\u00e5rden i Karlbo, l\u00f6rdagen den 27 juli 2019.\" class=\"wp-image-5634\" srcset=\"https:\/\/www.larsandersjohansson.se\/wordpress\/wp-content\/uploads\/2019\/07\/Avesta-20197-1024x683.jpg 1024w, https:\/\/www.larsandersjohansson.se\/wordpress\/wp-content\/uploads\/2019\/07\/Avesta-20197-300x200.jpg 300w, https:\/\/www.larsandersjohansson.se\/wordpress\/wp-content\/uploads\/2019\/07\/Avesta-20197-768x512.jpg 768w, https:\/\/www.larsandersjohansson.se\/wordpress\/wp-content\/uploads\/2019\/07\/Avesta-20197-880x587.jpg 880w, https:\/\/www.larsandersjohansson.se\/wordpress\/wp-content\/uploads\/2019\/07\/Avesta-20197-500x333.jpg 500w\" sizes=\"(max-width: 1024px) 100vw, 1024px\" \/><\/a><figcaption>Lars Anders Johansson och Thomas von Wachenfeldt p\u00e5 Karlfeldtsg\u00e5rden i Karlbo, l\u00f6rdagen den 27 juli 2019.<\/figcaption><\/figure><\/div>\n\n\n\n<div class=\"wp-block-image\"><figure class=\"aligncenter\"><a href=\"https:\/\/www.larsandersjohansson.se\/wordpress\/wp-content\/uploads\/2019\/07\/Avesta-20196.jpg\"><img decoding=\"async\" loading=\"lazy\" width=\"1024\" height=\"683\" src=\"https:\/\/www.larsandersjohansson.se\/wordpress\/wp-content\/uploads\/2019\/07\/Avesta-20196-1024x683.jpg\" alt=\"Lars Anders Johansson och Thomas von Wachenfeldt p\u00e5 Karlfeldtsg\u00e5rden i Karlbo, l\u00f6rdagen den 27 juli 2019.\" class=\"wp-image-5632\" srcset=\"https:\/\/www.larsandersjohansson.se\/wordpress\/wp-content\/uploads\/2019\/07\/Avesta-20196-1024x683.jpg 1024w, https:\/\/www.larsandersjohansson.se\/wordpress\/wp-content\/uploads\/2019\/07\/Avesta-20196-300x200.jpg 300w, https:\/\/www.larsandersjohansson.se\/wordpress\/wp-content\/uploads\/2019\/07\/Avesta-20196-768x512.jpg 768w, https:\/\/www.larsandersjohansson.se\/wordpress\/wp-content\/uploads\/2019\/07\/Avesta-20196-880x587.jpg 880w, https:\/\/www.larsandersjohansson.se\/wordpress\/wp-content\/uploads\/2019\/07\/Avesta-20196-500x333.jpg 500w\" sizes=\"(max-width: 1024px) 100vw, 1024px\" \/><\/a><figcaption>Lars Anders Johansson och Thomas von Wachenfeldt p\u00e5 Karlfeldtsg\u00e5rden i Karlbo, l\u00f6rdagen den 27 juli 2019.<\/figcaption><\/figure><\/div>\n\n\n\n<div class=\"wp-block-image\"><figure class=\"aligncenter\"><a href=\"https:\/\/www.larsandersjohansson.se\/wordpress\/wp-content\/uploads\/2019\/07\/Avesta-20195.jpg\"><img decoding=\"async\" loading=\"lazy\" width=\"1024\" height=\"683\" src=\"https:\/\/www.larsandersjohansson.se\/wordpress\/wp-content\/uploads\/2019\/07\/Avesta-20195-1024x683.jpg\" alt=\"Lars Anders Johansson och Thomas von Wachenfeldt p\u00e5 Karlfeldtsg\u00e5rden i Karlbo, l\u00f6rdagen den 27 juli 2019.\" class=\"wp-image-5630\" srcset=\"https:\/\/www.larsandersjohansson.se\/wordpress\/wp-content\/uploads\/2019\/07\/Avesta-20195-1024x683.jpg 1024w, https:\/\/www.larsandersjohansson.se\/wordpress\/wp-content\/uploads\/2019\/07\/Avesta-20195-300x200.jpg 300w, https:\/\/www.larsandersjohansson.se\/wordpress\/wp-content\/uploads\/2019\/07\/Avesta-20195-768x512.jpg 768w, https:\/\/www.larsandersjohansson.se\/wordpress\/wp-content\/uploads\/2019\/07\/Avesta-20195-880x587.jpg 880w, https:\/\/www.larsandersjohansson.se\/wordpress\/wp-content\/uploads\/2019\/07\/Avesta-20195-500x333.jpg 500w\" sizes=\"(max-width: 1024px) 100vw, 1024px\" \/><\/a><figcaption>Lars Anders Johansson och Thomas von Wachenfeldt p\u00e5 Karlfeldtsg\u00e5rden i Karlbo, l\u00f6rdagen den 27 juli 2019.<\/figcaption><\/figure><\/div>\n\n\n\n<div class=\"wp-block-image\"><figure class=\"aligncenter\"><a href=\"https:\/\/www.larsandersjohansson.se\/wordpress\/wp-content\/uploads\/2019\/07\/Avesta-20194.jpg\"><img decoding=\"async\" loading=\"lazy\" width=\"1024\" height=\"683\" src=\"https:\/\/www.larsandersjohansson.se\/wordpress\/wp-content\/uploads\/2019\/07\/Avesta-20194-1024x683.jpg\" alt=\"Lars Anders Johansson och Thomas von Wachenfeldt p\u00e5 Karlfeldtsg\u00e5rden i Karlbo, l\u00f6rdagen den 27 juli 2019.\" class=\"wp-image-5628\" srcset=\"https:\/\/www.larsandersjohansson.se\/wordpress\/wp-content\/uploads\/2019\/07\/Avesta-20194-1024x683.jpg 1024w, https:\/\/www.larsandersjohansson.se\/wordpress\/wp-content\/uploads\/2019\/07\/Avesta-20194-300x200.jpg 300w, https:\/\/www.larsandersjohansson.se\/wordpress\/wp-content\/uploads\/2019\/07\/Avesta-20194-768x512.jpg 768w, https:\/\/www.larsandersjohansson.se\/wordpress\/wp-content\/uploads\/2019\/07\/Avesta-20194-880x587.jpg 880w, https:\/\/www.larsandersjohansson.se\/wordpress\/wp-content\/uploads\/2019\/07\/Avesta-20194-500x333.jpg 500w\" sizes=\"(max-width: 1024px) 100vw, 1024px\" \/><\/a><figcaption>Lars Anders Johansson och Thomas von Wachenfeldt p\u00e5 Karlfeldtsg\u00e5rden i Karlbo, l\u00f6rdagen den 27 juli 2019.<\/figcaption><\/figure><\/div>\n\n\n\n<div class=\"wp-block-image\"><figure class=\"aligncenter\"><a href=\"https:\/\/www.larsandersjohansson.se\/wordpress\/wp-content\/uploads\/2019\/07\/Avesta-20193.jpg\"><img decoding=\"async\" loading=\"lazy\" width=\"1024\" height=\"683\" src=\"https:\/\/www.larsandersjohansson.se\/wordpress\/wp-content\/uploads\/2019\/07\/Avesta-20193-1024x683.jpg\" alt=\"Lars Anders Johansson och Thomas von Wachenfeldt p\u00e5 Karlfeldtsg\u00e5rden i Karlbo, l\u00f6rdagen den 27 juli 2019.\" class=\"wp-image-5626\" srcset=\"https:\/\/www.larsandersjohansson.se\/wordpress\/wp-content\/uploads\/2019\/07\/Avesta-20193-1024x683.jpg 1024w, https:\/\/www.larsandersjohansson.se\/wordpress\/wp-content\/uploads\/2019\/07\/Avesta-20193-300x200.jpg 300w, https:\/\/www.larsandersjohansson.se\/wordpress\/wp-content\/uploads\/2019\/07\/Avesta-20193-768x512.jpg 768w, https:\/\/www.larsandersjohansson.se\/wordpress\/wp-content\/uploads\/2019\/07\/Avesta-20193-880x587.jpg 880w, https:\/\/www.larsandersjohansson.se\/wordpress\/wp-content\/uploads\/2019\/07\/Avesta-20193-500x333.jpg 500w\" sizes=\"(max-width: 1024px) 100vw, 1024px\" \/><\/a><figcaption>Lars Anders Johansson och Thomas von Wachenfeldt p\u00e5 Karlfeldtsg\u00e5rden i Karlbo, l\u00f6rdagen den 27 juli 2019.<\/figcaption><\/figure><\/div>\n\n\n\n<div class=\"wp-block-image\"><figure class=\"aligncenter\"><a href=\"https:\/\/www.larsandersjohansson.se\/wordpress\/wp-content\/uploads\/2019\/07\/Avesta-20192.jpg\"><img decoding=\"async\" loading=\"lazy\" width=\"1024\" height=\"683\" src=\"https:\/\/www.larsandersjohansson.se\/wordpress\/wp-content\/uploads\/2019\/07\/Avesta-20192-1024x683.jpg\" alt=\"Lars Anders Johansson och Thomas von Wachenfeldt p\u00e5 karlfeldtsg\u00e5rden i Karlbo, l\u00f6rdagen den 27 juli 2019.\" class=\"wp-image-5624\" srcset=\"https:\/\/www.larsandersjohansson.se\/wordpress\/wp-content\/uploads\/2019\/07\/Avesta-20192-1024x683.jpg 1024w, https:\/\/www.larsandersjohansson.se\/wordpress\/wp-content\/uploads\/2019\/07\/Avesta-20192-300x200.jpg 300w, https:\/\/www.larsandersjohansson.se\/wordpress\/wp-content\/uploads\/2019\/07\/Avesta-20192-768x512.jpg 768w, https:\/\/www.larsandersjohansson.se\/wordpress\/wp-content\/uploads\/2019\/07\/Avesta-20192-880x587.jpg 880w, https:\/\/www.larsandersjohansson.se\/wordpress\/wp-content\/uploads\/2019\/07\/Avesta-20192-500x333.jpg 500w\" sizes=\"(max-width: 1024px) 100vw, 1024px\" \/><\/a><figcaption>Lars Anders Johansson och Thomas von Wachenfeldt p\u00e5 karlfeldtsg\u00e5rden i Karlbo, l\u00f6rdagen den 27 juli 2019.<\/figcaption><\/figure><\/div>\n\n\n\n<div class=\"wp-block-image\"><figure class=\"aligncenter\"><a href=\"https:\/\/www.larsandersjohansson.se\/wordpress\/wp-content\/uploads\/2019\/07\/Avesta-20191.jpg\"><img decoding=\"async\" loading=\"lazy\" width=\"1024\" height=\"683\" src=\"https:\/\/www.larsandersjohansson.se\/wordpress\/wp-content\/uploads\/2019\/07\/Avesta-20191-1024x683.jpg\" alt=\"Lars Anders Johansson och Thomas von Wachenfeldt p\u00e5 karlfeldtsg\u00e5rden i Karlbo, l\u00f6rdagen den 27 juli 2019.\" class=\"wp-image-5622\" srcset=\"https:\/\/www.larsandersjohansson.se\/wordpress\/wp-content\/uploads\/2019\/07\/Avesta-20191-1024x683.jpg 1024w, https:\/\/www.larsandersjohansson.se\/wordpress\/wp-content\/uploads\/2019\/07\/Avesta-20191-300x200.jpg 300w, https:\/\/www.larsandersjohansson.se\/wordpress\/wp-content\/uploads\/2019\/07\/Avesta-20191-768x512.jpg 768w, https:\/\/www.larsandersjohansson.se\/wordpress\/wp-content\/uploads\/2019\/07\/Avesta-20191-880x587.jpg 880w, https:\/\/www.larsandersjohansson.se\/wordpress\/wp-content\/uploads\/2019\/07\/Avesta-20191-500x333.jpg 500w\" sizes=\"(max-width: 1024px) 100vw, 1024px\" \/><\/a><figcaption>Lars Anders Johansson och Thomas von Wachenfeldt p\u00e5 karlfeldtsg\u00e5rden i Karlbo, l\u00f6rdagen den 27 juli 2019.<\/figcaption><\/figure><\/div>\n\n\n\n<div class=\"wp-block-image\"><figure class=\"aligncenter\"><a href=\"https:\/\/www.larsandersjohansson.se\/wordpress\/wp-content\/uploads\/2019\/07\/Avesta-2019.jpg\"><img decoding=\"async\" loading=\"lazy\" width=\"1024\" height=\"683\" src=\"https:\/\/www.larsandersjohansson.se\/wordpress\/wp-content\/uploads\/2019\/07\/Avesta-2019-1024x683.jpg\" alt=\"Lars Anders Johansson och Thomas von Wachenfeldt p\u00e5 karlfeldtsg\u00e5rden i Karlbo, l\u00f6rdagen den 27 juli 2019.\" class=\"wp-image-5621\" srcset=\"https:\/\/www.larsandersjohansson.se\/wordpress\/wp-content\/uploads\/2019\/07\/Avesta-2019-1024x683.jpg 1024w, https:\/\/www.larsandersjohansson.se\/wordpress\/wp-content\/uploads\/2019\/07\/Avesta-2019-300x200.jpg 300w, https:\/\/www.larsandersjohansson.se\/wordpress\/wp-content\/uploads\/2019\/07\/Avesta-2019-768x512.jpg 768w, https:\/\/www.larsandersjohansson.se\/wordpress\/wp-content\/uploads\/2019\/07\/Avesta-2019-880x587.jpg 880w, https:\/\/www.larsandersjohansson.se\/wordpress\/wp-content\/uploads\/2019\/07\/Avesta-2019-500x333.jpg 500w\" sizes=\"(max-width: 1024px) 100vw, 1024px\" \/><\/a><figcaption>Lars Anders Johansson och Thomas von Wachenfeldt p\u00e5 karlfeldtsg\u00e5rden i Karlbo, l\u00f6rdagen den 27 juli 2019.<\/figcaption><\/figure><\/div>\n\n\n\n<div class=\"wp-block-image\"><figure class=\"aligncenter\"><a href=\"https:\/\/www.larsandersjohansson.se\/wordpress\/wp-content\/uploads\/2019\/07\/KARLBO-2019.jpg\"><img decoding=\"async\" loading=\"lazy\" width=\"1000\" height=\"1000\" src=\"https:\/\/www.larsandersjohansson.se\/wordpress\/wp-content\/uploads\/2019\/07\/KARLBO-2019.jpg\" alt=\"KARLBO 2019\" class=\"wp-image-5614\" srcset=\"https:\/\/www.larsandersjohansson.se\/wordpress\/wp-content\/uploads\/2019\/07\/KARLBO-2019.jpg 1000w, https:\/\/www.larsandersjohansson.se\/wordpress\/wp-content\/uploads\/2019\/07\/KARLBO-2019-150x150.jpg 150w, https:\/\/www.larsandersjohansson.se\/wordpress\/wp-content\/uploads\/2019\/07\/KARLBO-2019-300x300.jpg 300w, https:\/\/www.larsandersjohansson.se\/wordpress\/wp-content\/uploads\/2019\/07\/KARLBO-2019-768x768.jpg 768w, https:\/\/www.larsandersjohansson.se\/wordpress\/wp-content\/uploads\/2019\/07\/KARLBO-2019-144x144.jpg 144w, https:\/\/www.larsandersjohansson.se\/wordpress\/wp-content\/uploads\/2019\/07\/KARLBO-2019-880x880.jpg 880w, https:\/\/www.larsandersjohansson.se\/wordpress\/wp-content\/uploads\/2019\/07\/KARLBO-2019-500x500.jpg 500w\" sizes=\"(max-width: 1000px) 100vw, 1000px\" \/><\/a><\/figure><\/div>\n","protected":false},"excerpt":{"rendered":"","protected":false},"author":1,"featured_media":5642,"comment_status":"open","ping_status":"open","sticky":false,"template":"","format":"standard","meta":{"ngg_post_thumbnail":0,"jetpack_publicize_message":"","jetpack_is_tweetstorm":false,"jetpack_publicize_feature_enabled":true,"jetpack_social_post_already_shared":false,"jetpack_social_options":{"image_generator_settings":{"template":"highway","enabled":false}}},"categories":[5,4,16],"tags":[],"jetpack_publicize_connections":[],"jetpack_featured_media_url":"https:\/\/www.larsandersjohansson.se\/wordpress\/wp-content\/uploads\/2019\/07\/Avesta-201911.jpg","_links":{"self":[{"href":"https:\/\/www.larsandersjohansson.se\/index.php?rest_route=\/wp\/v2\/posts\/5644"}],"collection":[{"href":"https:\/\/www.larsandersjohansson.se\/index.php?rest_route=\/wp\/v2\/posts"}],"about":[{"href":"https:\/\/www.larsandersjohansson.se\/index.php?rest_route=\/wp\/v2\/types\/post"}],"author":[{"embeddable":true,"href":"https:\/\/www.larsandersjohansson.se\/index.php?rest_route=\/wp\/v2\/users\/1"}],"replies":[{"embeddable":true,"href":"https:\/\/www.larsandersjohansson.se\/index.php?rest_route=%2Fwp%2Fv2%2Fcomments&post=5644"}],"version-history":[{"count":3,"href":"https:\/\/www.larsandersjohansson.se\/index.php?rest_route=\/wp\/v2\/posts\/5644\/revisions"}],"predecessor-version":[{"id":5700,"href":"https:\/\/www.larsandersjohansson.se\/index.php?rest_route=\/wp\/v2\/posts\/5644\/revisions\/5700"}],"wp:featuredmedia":[{"embeddable":true,"href":"https:\/\/www.larsandersjohansson.se\/index.php?rest_route=\/wp\/v2\/media\/5642"}],"wp:attachment":[{"href":"https:\/\/www.larsandersjohansson.se\/index.php?rest_route=%2Fwp%2Fv2%2Fmedia&parent=5644"}],"wp:term":[{"taxonomy":"category","embeddable":true,"href":"https:\/\/www.larsandersjohansson.se\/index.php?rest_route=%2Fwp%2Fv2%2Fcategories&post=5644"},{"taxonomy":"post_tag","embeddable":true,"href":"https:\/\/www.larsandersjohansson.se\/index.php?rest_route=%2Fwp%2Fv2%2Ftags&post=5644"}],"curies":[{"name":"wp","href":"https:\/\/api.w.org\/{rel}","templated":true}]}}