{"id":6047,"date":"2020-03-04T09:52:41","date_gmt":"2020-03-04T08:52:41","guid":{"rendered":"http:\/\/www.larsandersjohansson.se\/?p=6047"},"modified":"2020-03-04T09:52:41","modified_gmt":"2020-03-04T08:52:41","slug":"skriver-om-konservatism-i-expressen","status":"publish","type":"post","link":"https:\/\/www.larsandersjohansson.se\/?p=6047","title":{"rendered":"Skriver om konservatism i Expressen"},"content":{"rendered":"\n<p>Konservatismen \u00e4r inte varum\u00e4rkesskyddad.<\/p>\n\n\n\n<p>Jag <a href=\"https:\/\/www.expressen.se\/kultur\/sd-har-inte-stulit-konservatismen\/\">skriver i Expressen<\/a> om kampen om konservatismen:<\/p>\n\n\n\n<p>V\u00e4ljark\u00e5ren har g\u00e5tt h\u00f6gerut och det borde vara sk\u00f6rdetid f\u00f6r den svenska h\u00f6gern. \u00c4nd\u00e5 lyfter inte Moderaterna inte i opinionen. I st\u00e4llet g\u00e5r en betydande del av de nya h\u00f6gerv\u00e4ljarna till Sverigedemokraterna, som allt mer har b\u00f6rjat marknadsf\u00f6ra sig som ett konservativt alternativ, med f\u00f6rre gruppledaren&nbsp;<strong>Mattias Karlssons<\/strong>&nbsp;nya tankesmedja Oikos som senaste tillskott.<\/p>\n\n\n\n<p>N\u00e4r Oikos lanserades i ett inslag i Sveriges Televisions \u201dAgenda\u201d f\u00f6r n\u00e5gra veckor sedan l\u00e4t kritiken inte v\u00e4nta p\u00e5 sig. Trots att tankesmedjan inte \u00e5stadkommit mer \u00e4n ett konstituerande m\u00f6te hade m\u00e5nga redan sin uppfattning f\u00e4rdig. Enligt Aftonbladets och Dagens Nyheters ledarsidor tycktes det stora problemet best\u00e5 i att det konstituerande r\u00e5det saknade kvinnliga medlemmar.<\/p>\n\n\n\n<p>Den moderata kritiken var av ett annat slag. Bland moderater tycks Mattias Karlssons tankesmedja uppfattas n\u00e4rmast som en form av varum\u00e4rkesintr\u00e5ng. \u201dS\u00e5 SD startar en tankesmedja som ska opinionsbilda mot abort, f\u00f6r Swexit och mot skilsm\u00e4ssor. Det \u00e4r inte konservatism, det \u00e4r bara korkat\u201d dundrade Muf-ordf\u00f6randen\u00a0<strong>Benjamin Dousa<\/strong>\u00a0p\u00e5 Twitter.<\/p>\n\n\n\n<p>\u201dDe f\u00f6rs\u00f6ker kidnappa konservatismen\u201d, l\u00e4ser jag moderater p\u00e5 Facebook beklaga sig. Att konservativa v\u00e4ljare g\u00e5r till Sverigedemokraterna \u00e4r naturligtvis besv\u00e4rande f\u00f6r det traditionella h\u00f6gerpartiet, men inte f\u00f6rv\u00e5nande d\u00e5 Moderaterna under Reinfeldt\u00e5ren motarbetade konservativa medlemmar och st\u00e5ndpunkter. Moderata profilfr\u00e5gor som f\u00f6rsvarspolitiken kastades \u00f6ver \u00e4nda och F\u00f6rsvarsmakten beskrevs av partiordf\u00f6randen nedl\u00e5tande i termer av ett \u201ds\u00e4rintresse\u201d.<\/p>\n\n\n\n<p>P\u00e5 kulturpolitikens omr\u00e5de fick de identitetspolitiska aktivisterna fritt spelrum trots att Moderaterna styrde kulturdepartementet, och p\u00e5 migrationsomr\u00e5det anammades det mest radikala partiets, Milj\u00f6partiet, linje. Konservativa ungmoderater l\u00e4mnade Muf f\u00f6r KDU och st\u00f6det till arenor f\u00f6r fri id\u00e9debatt som Svensk Tidskrift och Fria Moderata Studentf\u00f6rbundet str\u00f6ps. D\u00e5varande Muf-ordf\u00f6randen\u00a0<strong>Erik Bengtzboe<\/strong>\u00a0tyckte att Moderaterna skulle \u201dsl\u00e4ppa borgarst\u00e4mpeln\u201d. Partinamnet fick prefixet \u201dnya\u201d och kampanjande partifunktion\u00e4rer uppmanades att inte b\u00e4ra slips och p\u00e4rlhalsband eftersom det riskerade att uppfattas som konservativt.<br><\/p>\n\n\n\n<p>M\u00e5nga av de ledande Moderater som berusades av radikalismen under Reinfeldt\u00e5ren f\u00f6rs\u00f6ker nu \u00f6vertyga skeptiska v\u00e4ljare om att Moderaterna \u00e5ter \u00e4r ett liberalkonservativt parti. Vissa f\u00f6rs\u00f6ker till och med h\u00e4vda att Reinfeldt var konservativ. Dessa f\u00f6rs\u00f6k till \u00e4rer\u00e4ddning tycks dock ha varierande framg\u00e5ng. I sin sammanfattning efter senaste valet konstaterade eftervalsanalysgruppen att partiet upprepade g\u00e5nger \u201dskjutit sig sj\u00e4lvt i foten\u201d.<\/p>\n\n\n\n<p>De moderater som gn\u00f6lar om att Sverigedemokraterna inkr\u00e4ktar p\u00e5 deras dom\u00e4ner borde i st\u00e4llet ta upp Mattias Karlssons kastade handske: visa att det fortfarande finns utrymme f\u00f6r en vital liberalkonservativ id\u00e9debatt. Den svenska h\u00f6gern har en l\u00e5ng och vital historia att h\u00e4mta inspiration fr\u00e5n. \u00c5teruppliva folkhemskapitalismen och \u00e4gardemokratin, visa att originalet \u00e4r att f\u00f6redra framf\u00f6r kopian, och att konservatism och liberalism blir en smakligare brygd \u00e4n nationalism och socialism.<\/p>\n\n\n\n<p>L\u00e4s artikeln i <a href=\"https:\/\/www.expressen.se\/kultur\/sd-har-inte-stulit-konservatismen\/\">Expressen<\/a>.<\/p>\n","protected":false},"excerpt":{"rendered":"<p>Konservatismen \u00e4r inte varum\u00e4rkesskyddad. Jag skriver i Expressen om kampen om konservatismen: V\u00e4ljark\u00e5ren har g\u00e5tt h\u00f6gerut och det borde vara sk\u00f6rdetid f\u00f6r den svenska h\u00f6gern. \u00c4nd\u00e5 lyfter inte Moderaterna inte[&#8230;]<\/p>\n","protected":false},"author":1,"featured_media":6048,"comment_status":"open","ping_status":"open","sticky":false,"template":"","format":"standard","meta":{"ngg_post_thumbnail":0,"jetpack_publicize_message":"","jetpack_is_tweetstorm":false,"jetpack_publicize_feature_enabled":true,"jetpack_social_post_already_shared":false,"jetpack_social_options":{"image_generator_settings":{"template":"highway","enabled":false}}},"categories":[20,11],"tags":[],"jetpack_publicize_connections":[],"jetpack_featured_media_url":"https:\/\/www.larsandersjohansson.se\/wordpress\/wp-content\/uploads\/2020\/03\/simon-wilkes-S297j2CsdlM-unsplash-scaled.jpg","_links":{"self":[{"href":"https:\/\/www.larsandersjohansson.se\/index.php?rest_route=\/wp\/v2\/posts\/6047"}],"collection":[{"href":"https:\/\/www.larsandersjohansson.se\/index.php?rest_route=\/wp\/v2\/posts"}],"about":[{"href":"https:\/\/www.larsandersjohansson.se\/index.php?rest_route=\/wp\/v2\/types\/post"}],"author":[{"embeddable":true,"href":"https:\/\/www.larsandersjohansson.se\/index.php?rest_route=\/wp\/v2\/users\/1"}],"replies":[{"embeddable":true,"href":"https:\/\/www.larsandersjohansson.se\/index.php?rest_route=%2Fwp%2Fv2%2Fcomments&post=6047"}],"version-history":[{"count":2,"href":"https:\/\/www.larsandersjohansson.se\/index.php?rest_route=\/wp\/v2\/posts\/6047\/revisions"}],"predecessor-version":[{"id":6050,"href":"https:\/\/www.larsandersjohansson.se\/index.php?rest_route=\/wp\/v2\/posts\/6047\/revisions\/6050"}],"wp:featuredmedia":[{"embeddable":true,"href":"https:\/\/www.larsandersjohansson.se\/index.php?rest_route=\/wp\/v2\/media\/6048"}],"wp:attachment":[{"href":"https:\/\/www.larsandersjohansson.se\/index.php?rest_route=%2Fwp%2Fv2%2Fmedia&parent=6047"}],"wp:term":[{"taxonomy":"category","embeddable":true,"href":"https:\/\/www.larsandersjohansson.se\/index.php?rest_route=%2Fwp%2Fv2%2Fcategories&post=6047"},{"taxonomy":"post_tag","embeddable":true,"href":"https:\/\/www.larsandersjohansson.se\/index.php?rest_route=%2Fwp%2Fv2%2Ftags&post=6047"}],"curies":[{"name":"wp","href":"https:\/\/api.w.org\/{rel}","templated":true}]}}