{"id":6136,"date":"2021-01-01T17:13:33","date_gmt":"2021-01-01T16:13:33","guid":{"rendered":"http:\/\/www.larsandersjohansson.se\/?p=6136"},"modified":"2021-01-11T10:29:44","modified_gmt":"2021-01-11T09:29:44","slug":"dodens-blommor","status":"publish","type":"post","link":"https:\/\/www.larsandersjohansson.se\/?p=6136","title":{"rendered":"D\u00f6dens blommor"},"content":{"rendered":"\n<p>2020 pr\u00e4glades av sjukdom och d\u00f6d och var allt annat \u00e4n muntert f\u00f6r de flest av oss. <\/p>\n\n\n\n<p>Verner von Heidenstams dikt &#8221;D\u00f6dens blommor&#8221; \u00e4r kanske ett f\u00f6rs\u00f6k fr\u00e5n en diktare som genom hela sitt f\u00f6rfattarskap brottades med fr\u00e5gor om d\u00f6den, att avdramatisera allvaret kring livets slut. D\u00f6den framst\u00e4lls som en \u00e5ldrande ungkarl, olyckligt f\u00f6r\u00e4lskad i livets drottning. M\u00e4nniskoliven som han sk\u00f6rdar \u00e4r endast blommor han plockar i sin f\u00e5f\u00e4nga uppvaktning.<\/p>\n\n\n\n<p>2020 var ocks\u00e5 ett \u00e5r av inst\u00e4llda evenemang. Samtliga mina inbokade konserter under \u00e5ret bokades av p\u00e5 grund av pandemin. Att inte spela f\u00f6r publik \u00e4r naturligtvis f\u00f6r\u00f6dande f\u00f6r en trubadur. <\/p>\n\n\n\n<p>D\u00e4rf\u00f6r t\u00e4nkte jag som kompensation, f\u00f6r er och f\u00f6r mig, under v\u00e5ren, l\u00e4gga upp videoklipp med l\u00e5tar fr\u00e5n mina tidigare album, inspelade hemma i all enkelhet, i avskalade arrangemang med gitarr. Som en utdragen, coronas\u00e4krad, konsert.<\/p>\n\n\n\n<iframe loading=\"lazy\" width=\"560\" height=\"315\" src=\"https:\/\/www.youtube.com\/embed\/OxVLLKtWyi0\" frameborder=\"0\" allow=\"accelerometer; autoplay; clipboard-write; encrypted-media; gyroscope; picture-in-picture\" allowfullscreen=\"\"><\/iframe>\n\n\n\n<p>D\u00f6dens blommor finns p\u00e5 mitt album Ren\u00e4ssans (2016) som finns att lyssna till p\u00e5 Spotify:<\/p>\n\n\n\n<iframe loading=\"lazy\" src=\"https:\/\/open.spotify.com\/embed\/track\/3yb2lDOK3rVhla1l1eT328\" width=\"300\" height=\"380\" frameborder=\"0\" allowtransparency=\"true\" allow=\"encrypted-media\"><\/iframe>\n","protected":false},"excerpt":{"rendered":"<p>Verner von Heidenstams dikt &#8221;D\u00f6dens blommor&#8221; \u00e4r kanske ett f\u00f6rs\u00f6k fr\u00e5n en diktare som genom hela sitt f\u00f6rfattarskap brottades med fr\u00e5gor om d\u00f6den, att avdramatisera allvaret kring livets slut. <\/p>\n","protected":false},"author":1,"featured_media":6137,"comment_status":"closed","ping_status":"closed","sticky":false,"template":"","format":"standard","meta":{"ngg_post_thumbnail":0,"jetpack_publicize_message":"","jetpack_is_tweetstorm":false,"jetpack_publicize_feature_enabled":true,"jetpack_social_post_already_shared":false,"jetpack_social_options":{"image_generator_settings":{"template":"highway","enabled":false}}},"categories":[4,16],"tags":[48,50,45,49,47,46],"jetpack_publicize_connections":[],"jetpack_featured_media_url":"https:\/\/www.larsandersjohansson.se\/wordpress\/wp-content\/uploads\/2021\/01\/MVI_0836.00_03_45_04.Still001.jpg","_links":{"self":[{"href":"https:\/\/www.larsandersjohansson.se\/index.php?rest_route=\/wp\/v2\/posts\/6136"}],"collection":[{"href":"https:\/\/www.larsandersjohansson.se\/index.php?rest_route=\/wp\/v2\/posts"}],"about":[{"href":"https:\/\/www.larsandersjohansson.se\/index.php?rest_route=\/wp\/v2\/types\/post"}],"author":[{"embeddable":true,"href":"https:\/\/www.larsandersjohansson.se\/index.php?rest_route=\/wp\/v2\/users\/1"}],"replies":[{"embeddable":true,"href":"https:\/\/www.larsandersjohansson.se\/index.php?rest_route=%2Fwp%2Fv2%2Fcomments&post=6136"}],"version-history":[{"count":3,"href":"https:\/\/www.larsandersjohansson.se\/index.php?rest_route=\/wp\/v2\/posts\/6136\/revisions"}],"predecessor-version":[{"id":6156,"href":"https:\/\/www.larsandersjohansson.se\/index.php?rest_route=\/wp\/v2\/posts\/6136\/revisions\/6156"}],"wp:featuredmedia":[{"embeddable":true,"href":"https:\/\/www.larsandersjohansson.se\/index.php?rest_route=\/wp\/v2\/media\/6137"}],"wp:attachment":[{"href":"https:\/\/www.larsandersjohansson.se\/index.php?rest_route=%2Fwp%2Fv2%2Fmedia&parent=6136"}],"wp:term":[{"taxonomy":"category","embeddable":true,"href":"https:\/\/www.larsandersjohansson.se\/index.php?rest_route=%2Fwp%2Fv2%2Fcategories&post=6136"},{"taxonomy":"post_tag","embeddable":true,"href":"https:\/\/www.larsandersjohansson.se\/index.php?rest_route=%2Fwp%2Fv2%2Ftags&post=6136"}],"curies":[{"name":"wp","href":"https:\/\/api.w.org\/{rel}","templated":true}]}}