{"id":6249,"date":"2021-05-03T08:24:29","date_gmt":"2021-05-03T06:24:29","guid":{"rendered":"http:\/\/www.larsandersjohansson.se\/?p=6249"},"modified":"2021-05-03T08:37:28","modified_gmt":"2021-05-03T06:37:28","slug":"syndikalisten-och-jag","status":"publish","type":"post","link":"https:\/\/www.larsandersjohansson.se\/?p=6249","title":{"rendered":"Syndikalisten och jag"},"content":{"rendered":"\n<iframe loading=\"lazy\" width=\"560\" height=\"315\" src=\"https:\/\/www.youtube.com\/embed\/J0uEpcOJbMk\" title=\"YouTube video player\" frameborder=\"0\" allow=\"accelerometer; autoplay; clipboard-write; encrypted-media; gyroscope; picture-in-picture\" allowfullscreen=\"\"><\/iframe>\n\n\n\n<p>En visa fr\u00e5n min f\u00f6rsta demoskiva, skriven n\u00e5gon g\u00e5ng runt millennieskiftet, sl\u00e4ppt i ny studioversion p\u00e5 albumet Ligistliv 2014. Bardiskrealism om tv\u00e5 \u00f6ldr\u00e4nkta v\u00e4nner som f\u00f6rdriver vardagstristessen med animerade politiska diskussioner.<\/p>\n\n\n\n<p>Sj\u00e4lvklart finns b\u00e5de albumet och l\u00e5ten att lyssna till p\u00e5 Spotify.<\/p>\n\n\n\n<iframe loading=\"lazy\" src=\"https:\/\/open.spotify.com\/embed\/artist\/3dKfv8cgQzyey9Cz38pXoE\" width=\"300\" height=\"380\" frameborder=\"0\" allowtransparency=\"true\" allow=\"encrypted-media\"><\/iframe>\n","protected":false},"excerpt":{"rendered":"<p>En visa fr\u00e5n min f\u00f6rsta demoskiva, skriven n\u00e5gon g\u00e5ng runt millennieskiftet, sl\u00e4ppt i ny studioversion p\u00e5 albumet Ligistliv 2014. Bardiskrealism om tv\u00e5 \u00f6ldr\u00e4nkta v\u00e4nner som f\u00f6rdriver vardagstristessen med animerade politiska diskussioner.<\/p>\n","protected":false},"author":1,"featured_media":6250,"comment_status":"closed","ping_status":"closed","sticky":false,"template":"","format":"standard","meta":{"ngg_post_thumbnail":0,"jetpack_publicize_message":"","jetpack_is_tweetstorm":false,"jetpack_publicize_feature_enabled":true,"jetpack_social_post_already_shared":false,"jetpack_social_options":{"image_generator_settings":{"template":"highway","enabled":false}}},"categories":[4,16],"tags":[86,117],"jetpack_publicize_connections":[],"jetpack_featured_media_url":"https:\/\/www.larsandersjohansson.se\/wordpress\/wp-content\/uploads\/2021\/05\/Syndikalisten-och-jag.jpg","_links":{"self":[{"href":"https:\/\/www.larsandersjohansson.se\/index.php?rest_route=\/wp\/v2\/posts\/6249"}],"collection":[{"href":"https:\/\/www.larsandersjohansson.se\/index.php?rest_route=\/wp\/v2\/posts"}],"about":[{"href":"https:\/\/www.larsandersjohansson.se\/index.php?rest_route=\/wp\/v2\/types\/post"}],"author":[{"embeddable":true,"href":"https:\/\/www.larsandersjohansson.se\/index.php?rest_route=\/wp\/v2\/users\/1"}],"replies":[{"embeddable":true,"href":"https:\/\/www.larsandersjohansson.se\/index.php?rest_route=%2Fwp%2Fv2%2Fcomments&post=6249"}],"version-history":[{"count":2,"href":"https:\/\/www.larsandersjohansson.se\/index.php?rest_route=\/wp\/v2\/posts\/6249\/revisions"}],"predecessor-version":[{"id":6252,"href":"https:\/\/www.larsandersjohansson.se\/index.php?rest_route=\/wp\/v2\/posts\/6249\/revisions\/6252"}],"wp:featuredmedia":[{"embeddable":true,"href":"https:\/\/www.larsandersjohansson.se\/index.php?rest_route=\/wp\/v2\/media\/6250"}],"wp:attachment":[{"href":"https:\/\/www.larsandersjohansson.se\/index.php?rest_route=%2Fwp%2Fv2%2Fmedia&parent=6249"}],"wp:term":[{"taxonomy":"category","embeddable":true,"href":"https:\/\/www.larsandersjohansson.se\/index.php?rest_route=%2Fwp%2Fv2%2Fcategories&post=6249"},{"taxonomy":"post_tag","embeddable":true,"href":"https:\/\/www.larsandersjohansson.se\/index.php?rest_route=%2Fwp%2Fv2%2Ftags&post=6249"}],"curies":[{"name":"wp","href":"https:\/\/api.w.org\/{rel}","templated":true}]}}