{"id":6257,"date":"2021-05-13T10:45:16","date_gmt":"2021-05-13T08:45:16","guid":{"rendered":"http:\/\/www.larsandersjohansson.se\/?p=6257"},"modified":"2021-05-13T10:45:16","modified_gmt":"2021-05-13T08:45:16","slug":"skriver-i-opulens-om-myten-om-meritokratin","status":"publish","type":"post","link":"https:\/\/www.larsandersjohansson.se\/?p=6257","title":{"rendered":"Skriver i Opulens om myten om meritokratin"},"content":{"rendered":"\n<p>Meritokratin \u00e4r en central del i den svenska sj\u00e4lvbilden. Det g\u00e4ller inte minst i kulturlivet d\u00e4r alla vill ge sken av att ha tagit sig fram p\u00e5 egna meriter, ocks\u00e5 de som f\u00f6tts rakt in i kultureliten. Jag skriver i <a href=\"https:\/\/www.opulens.se\/opinion\/kronikor\/myten-om-meritokratin\/\">Opulens<\/a> med anledning av kulturbarnsdebatten.<\/p>\n\n\n\n<p><em>\u2013 Det finns m\u00e5nga arbeten som tar tid och som inte genererar snabba pengar. Jag k\u00e4nner massor med kulturarbetare som tvingas leva p\u00e5 sina f\u00f6r\u00e4ldrars f\u00f6rm\u00f6genhet.<\/em><\/p>\n\n\n\n<p><em>S\u00e5 sade f\u00f6rfattarinnan Cecilia Gyllenhammar i en intervju i Upsala Nya Tidning 2012 d\u00e4r hon beklagade sig \u00f6ver kulturarbetares h\u00e5rda villkor. Hon satte d\u00e4rmed fingret p\u00e5 en aspekt som i huvudsak f\u00f6rbisetts i den senaste tidens svenska kultursidesdebatt om de s\u00e5 kallade \u201ckulturbarnen\u201d.<\/em><\/p>\n\n\n\n<p><em>Att satsa p\u00e5 en karri\u00e4r i kultursektorn inneb\u00e4r ett stort m\u00e5tt av risktagande. \u00c4ven i en omfattande v\u00e4lf\u00e4rdsstat som den svenska kr\u00e4vs ofta n\u00e5gon form av privat socialt skyddsn\u00e4t f\u00f6r att v\u00e5ga l\u00e4gga ned den erforderliga tid som kr\u00e4vs p\u00e5 att n\u00e5 elitniv\u00e5 i ett konstn\u00e4rligt yrke. Ett alternativ \u00e4r att som Cecilia Gyllenhammars v\u00e4nner \u201dtvingas leva p\u00e5 sina f\u00f6r\u00e4ldrars f\u00f6rm\u00f6genhet\u201d. Ett annat alternativ \u00e4r att gifta sig rikt och p\u00e5 s\u00e5 s\u00e4tt skaffa sig en egen kulturmecenat.<\/em><\/p>\n\n\n\n<p><em>En tredje v\u00e4g \u00e4r att ta sig in i kretsarna kring de offentliga k\u00f6ttgrytorna. N\u00e4r jag f\u00f6r ett antal \u00e5r sedan granskade svensk kulturpolitik och mer specifikt produktionsst\u00f6d fr\u00e5n Statens Kulturr\u00e5d f\u00f6rv\u00e5nades jag \u00f6ver hur enskilda ut\u00f6vare tycktes prenumerera p\u00e5 de statliga st\u00f6den och beviljas bidrag g\u00e5ng p\u00e5 g\u00e5ng. S\u00e4rskilt f\u00f6rv\u00e5nad blev jag n\u00e4r jag noterade att en frekvent mottagare sj\u00e4lv satt i den referensgrupp som vid upprepade tillf\u00e4llen beviljat honom st\u00f6d. N\u00e4r jag fr\u00e5gade en d\u00e5 ansvarig person p\u00e5 myndigheten om det inte fanns en risk f\u00f6r j\u00e4v svarade denne att det inte var n\u00e5got problem eftersom den aktuella kulturarbetaren l\u00e4mnade rummet vid de tillf\u00e4llen d\u00e5 just hans ans\u00f6kningar diskuterades.<\/em><\/p>\n","protected":false},"excerpt":{"rendered":"<p>Meritokratin \u00e4r en central del i den svenska sj\u00e4lvbilden. Det g\u00e4ller inte minst i kulturlivet d\u00e4r alla vill ge sken av att ha tagit sig fram p\u00e5 egna meriter, ocks\u00e5 de som f\u00f6tts rakt in i kultureliten. Jag skriver i Opulens med anledning av kulturbarnsdebatten.<\/p>\n","protected":false},"author":1,"featured_media":6258,"comment_status":"closed","ping_status":"closed","sticky":false,"template":"","format":"standard","meta":{"ngg_post_thumbnail":0,"jetpack_publicize_message":"","jetpack_is_tweetstorm":false,"jetpack_publicize_feature_enabled":true,"jetpack_social_post_already_shared":false,"jetpack_social_options":{"image_generator_settings":{"template":"highway","enabled":false}}},"categories":[20,11,4],"tags":[75,36,56,118],"jetpack_publicize_connections":[],"jetpack_featured_media_url":"https:\/\/www.larsandersjohansson.se\/wordpress\/wp-content\/uploads\/2021\/05\/david-matos-kC2ZtKR6J-c-unsplash-scaled.jpeg","_links":{"self":[{"href":"https:\/\/www.larsandersjohansson.se\/index.php?rest_route=\/wp\/v2\/posts\/6257"}],"collection":[{"href":"https:\/\/www.larsandersjohansson.se\/index.php?rest_route=\/wp\/v2\/posts"}],"about":[{"href":"https:\/\/www.larsandersjohansson.se\/index.php?rest_route=\/wp\/v2\/types\/post"}],"author":[{"embeddable":true,"href":"https:\/\/www.larsandersjohansson.se\/index.php?rest_route=\/wp\/v2\/users\/1"}],"replies":[{"embeddable":true,"href":"https:\/\/www.larsandersjohansson.se\/index.php?rest_route=%2Fwp%2Fv2%2Fcomments&post=6257"}],"version-history":[{"count":1,"href":"https:\/\/www.larsandersjohansson.se\/index.php?rest_route=\/wp\/v2\/posts\/6257\/revisions"}],"predecessor-version":[{"id":6259,"href":"https:\/\/www.larsandersjohansson.se\/index.php?rest_route=\/wp\/v2\/posts\/6257\/revisions\/6259"}],"wp:featuredmedia":[{"embeddable":true,"href":"https:\/\/www.larsandersjohansson.se\/index.php?rest_route=\/wp\/v2\/media\/6258"}],"wp:attachment":[{"href":"https:\/\/www.larsandersjohansson.se\/index.php?rest_route=%2Fwp%2Fv2%2Fmedia&parent=6257"}],"wp:term":[{"taxonomy":"category","embeddable":true,"href":"https:\/\/www.larsandersjohansson.se\/index.php?rest_route=%2Fwp%2Fv2%2Fcategories&post=6257"},{"taxonomy":"post_tag","embeddable":true,"href":"https:\/\/www.larsandersjohansson.se\/index.php?rest_route=%2Fwp%2Fv2%2Ftags&post=6257"}],"curies":[{"name":"wp","href":"https:\/\/api.w.org\/{rel}","templated":true}]}}