{"id":6270,"date":"2021-05-28T15:04:02","date_gmt":"2021-05-28T13:04:02","guid":{"rendered":"http:\/\/www.larsandersjohansson.se\/?p=6270"},"modified":"2021-05-28T15:04:02","modified_gmt":"2021-05-28T13:04:02","slug":"maj-i-munga","status":"publish","type":"post","link":"https:\/\/www.larsandersjohansson.se\/?p=6270","title":{"rendered":"Maj i Munga"},"content":{"rendered":"\n<iframe loading=\"lazy\" width=\"560\" height=\"315\" src=\"https:\/\/www.youtube.com\/embed\/NS55BWgoSco\" title=\"YouTube video player\" frameborder=\"0\" allow=\"accelerometer; autoplay; clipboard-write; encrypted-media; gyroscope; picture-in-picture\" allowfullscreen><\/iframe>\n\n\n\n<p>Karlfeldts dikt Maj i Munga ur diktsamligen Fridolins lustg\u00e5rd och dalm\u00e5lningar utgivna p\u00e5 rim (1901) \u00e4r en dikt om uppbrott och att skiljas \u00e5t. Diktarjaget tar farv\u00e4l av titelns Maj i det r\u00f6da gryningsljuset. En s\u00e5ng om brusten k\u00e4rlek eller kanske om en k\u00e4rlek som aldrig blev av. <\/p>\n\n\n\n<p>Maj i Munga omn\u00e4mns ocks\u00e5 i dikten &#8221;<a href=\"https:\/\/open.spotify.com\/track\/6zswWJ8hfoAr0wirtJViYK?si=7eeac58ec5f2449d\">I Fridolins sp\u00e5r<\/a>&#8221; i diktsamlingen Flora och Bellona (1918) d\u00e4r diktarjaget \u00e5terv\u00e4nder till sin barndoms hembygd och minns ungdomens sorgl\u00f6sa uppt\u00e5g. B\u00e5da dikterna finns tonsatta av mig och utgivna p\u00e5 skivan <a href=\"https:\/\/open.spotify.com\/album\/3kBhEfhZj6JXwakYMGSFm1?si=oMT06z-jQvq7lWeL7Aq1YQ\">I Fridolins sp\u00e5r<\/a> fr\u00e5n 2008, som sj\u00e4lvklart finns att lyssna till p\u00e5 <a href=\"https:\/\/open.spotify.com\/track\/4RptGd3jEnFEubFeEmumqw?si=eb67a27644e04e39\">Spotify<\/a>.<\/p>\n\n\n\n<iframe loading=\"lazy\" src=\"https:\/\/open.spotify.com\/embed\/track\/4RptGd3jEnFEubFeEmumqw\" width=\"300\" height=\"380\" frameborder=\"0\" allowtransparency=\"true\" allow=\"encrypted-media\"><\/iframe>\n","protected":false},"excerpt":{"rendered":"<p>Karlfeldts dikt Maj i Munga ur diktsamligen Fridolins lustg\u00e5rd och dalm\u00e5lningar utgivna p\u00e5 rim (1901) \u00e4r en dikt om uppbrott och att skiljas \u00e5t. Diktarjaget tar farv\u00e4l av titelns Maj i det r\u00f6da gryningsljuset. En s\u00e5ng om brusten k\u00e4rlek eller kanske om en k\u00e4rlek som aldrig blev av. <\/p>\n","protected":false},"author":1,"featured_media":6271,"comment_status":"closed","ping_status":"closed","sticky":false,"template":"","format":"standard","meta":{"ngg_post_thumbnail":0,"jetpack_publicize_message":"","jetpack_is_tweetstorm":false,"jetpack_publicize_feature_enabled":true,"jetpack_social_post_already_shared":false,"jetpack_social_options":{"image_generator_settings":{"template":"highway","enabled":false}}},"categories":[4,16],"tags":[87,88,43,66,126],"jetpack_publicize_connections":[],"jetpack_featured_media_url":"https:\/\/www.larsandersjohansson.se\/wordpress\/wp-content\/uploads\/2021\/05\/Maj-i-Munga.jpg","_links":{"self":[{"href":"https:\/\/www.larsandersjohansson.se\/index.php?rest_route=\/wp\/v2\/posts\/6270"}],"collection":[{"href":"https:\/\/www.larsandersjohansson.se\/index.php?rest_route=\/wp\/v2\/posts"}],"about":[{"href":"https:\/\/www.larsandersjohansson.se\/index.php?rest_route=\/wp\/v2\/types\/post"}],"author":[{"embeddable":true,"href":"https:\/\/www.larsandersjohansson.se\/index.php?rest_route=\/wp\/v2\/users\/1"}],"replies":[{"embeddable":true,"href":"https:\/\/www.larsandersjohansson.se\/index.php?rest_route=%2Fwp%2Fv2%2Fcomments&post=6270"}],"version-history":[{"count":1,"href":"https:\/\/www.larsandersjohansson.se\/index.php?rest_route=\/wp\/v2\/posts\/6270\/revisions"}],"predecessor-version":[{"id":6272,"href":"https:\/\/www.larsandersjohansson.se\/index.php?rest_route=\/wp\/v2\/posts\/6270\/revisions\/6272"}],"wp:featuredmedia":[{"embeddable":true,"href":"https:\/\/www.larsandersjohansson.se\/index.php?rest_route=\/wp\/v2\/media\/6271"}],"wp:attachment":[{"href":"https:\/\/www.larsandersjohansson.se\/index.php?rest_route=%2Fwp%2Fv2%2Fmedia&parent=6270"}],"wp:term":[{"taxonomy":"category","embeddable":true,"href":"https:\/\/www.larsandersjohansson.se\/index.php?rest_route=%2Fwp%2Fv2%2Fcategories&post=6270"},{"taxonomy":"post_tag","embeddable":true,"href":"https:\/\/www.larsandersjohansson.se\/index.php?rest_route=%2Fwp%2Fv2%2Ftags&post=6270"}],"curies":[{"name":"wp","href":"https:\/\/api.w.org\/{rel}","templated":true}]}}