{"id":6509,"date":"2022-08-26T10:11:56","date_gmt":"2022-08-26T08:11:56","guid":{"rendered":"http:\/\/www.larsandersjohansson.se\/?p=6509"},"modified":"2022-08-26T10:11:56","modified_gmt":"2022-08-26T08:11:56","slug":"politisera-inte-min-cykel","status":"publish","type":"post","link":"https:\/\/www.larsandersjohansson.se\/?p=6509","title":{"rendered":"Politisera inte min cykel"},"content":{"rendered":"\n<p>Jag vill inte bli tackad av milj\u00f6partister n\u00e4r jag cyklar till jobbet.<br><br>Skriver i <a href=\"https:\/\/www.opulens.se\/opinion\/kronikor\/det-basta-vore-om-alla-andra-slutade-cykla\/\">Opulens<\/a> om cykling och det kontraproduktiva i att st\u00e4lla trafikslag mot varandra:<br><br>&#8221;Sj\u00e4lv borde jag vara den milj\u00f6partistiska idealmedborgaren. I ett \u00e5rtionde har jag cyklat till arbetet, f\u00f6rst fr\u00e5n f\u00f6rort till innerstaden, nu tv\u00e4rs \u00f6ver hela Storstockholm, fr\u00e5n en f\u00f6rort till en annan. Likv\u00e4l k\u00e4nner jag mig inte alls som en del av den ryggdunkande cykelgemenskapen, eftersom jag inte k\u00f6per dess ideologiska premisser och skygglappar.&#8221;<\/p>\n\n\n\n<p>L\u00e4s artikeln h\u00e4r: <a href=\"https:\/\/www.opulens.se\/opinion\/kronikor\/det-basta-vore-om-alla-andra-slutade-cykla\/\">https:\/\/www.opulens.se\/opinion\/kronikor\/det-basta-vore-om-alla-andra-slutade-cykla\/<\/a><\/p>\n","protected":false},"excerpt":{"rendered":"<p>Skriver i Opulens om cykling och det kontraproduktiva i att st\u00e4lla trafikslag mot varandra.<\/p>\n","protected":false},"author":1,"featured_media":6510,"comment_status":"closed","ping_status":"closed","sticky":false,"template":"","format":"standard","meta":{"ngg_post_thumbnail":0,"jetpack_publicize_message":"","jetpack_is_tweetstorm":false,"jetpack_publicize_feature_enabled":true,"jetpack_social_post_already_shared":true,"jetpack_social_options":{"image_generator_settings":{"template":"highway","enabled":false}}},"categories":[20,4,10],"tags":[212,164,108,203,29,163],"jetpack_publicize_connections":[],"jetpack_featured_media_url":"https:\/\/www.larsandersjohansson.se\/wordpress\/wp-content\/uploads\/2022\/08\/kasya-shahovskaya-THwBN_THuZI-unsplash-scaled.jpeg","_links":{"self":[{"href":"https:\/\/www.larsandersjohansson.se\/index.php?rest_route=\/wp\/v2\/posts\/6509"}],"collection":[{"href":"https:\/\/www.larsandersjohansson.se\/index.php?rest_route=\/wp\/v2\/posts"}],"about":[{"href":"https:\/\/www.larsandersjohansson.se\/index.php?rest_route=\/wp\/v2\/types\/post"}],"author":[{"embeddable":true,"href":"https:\/\/www.larsandersjohansson.se\/index.php?rest_route=\/wp\/v2\/users\/1"}],"replies":[{"embeddable":true,"href":"https:\/\/www.larsandersjohansson.se\/index.php?rest_route=%2Fwp%2Fv2%2Fcomments&post=6509"}],"version-history":[{"count":1,"href":"https:\/\/www.larsandersjohansson.se\/index.php?rest_route=\/wp\/v2\/posts\/6509\/revisions"}],"predecessor-version":[{"id":6511,"href":"https:\/\/www.larsandersjohansson.se\/index.php?rest_route=\/wp\/v2\/posts\/6509\/revisions\/6511"}],"wp:featuredmedia":[{"embeddable":true,"href":"https:\/\/www.larsandersjohansson.se\/index.php?rest_route=\/wp\/v2\/media\/6510"}],"wp:attachment":[{"href":"https:\/\/www.larsandersjohansson.se\/index.php?rest_route=%2Fwp%2Fv2%2Fmedia&parent=6509"}],"wp:term":[{"taxonomy":"category","embeddable":true,"href":"https:\/\/www.larsandersjohansson.se\/index.php?rest_route=%2Fwp%2Fv2%2Fcategories&post=6509"},{"taxonomy":"post_tag","embeddable":true,"href":"https:\/\/www.larsandersjohansson.se\/index.php?rest_route=%2Fwp%2Fv2%2Ftags&post=6509"}],"curies":[{"name":"wp","href":"https:\/\/api.w.org\/{rel}","templated":true}]}}