{"id":6533,"date":"2022-10-03T22:38:40","date_gmt":"2022-10-03T20:38:40","guid":{"rendered":"http:\/\/www.larsandersjohansson.se\/?p=6533"},"modified":"2022-10-03T22:38:40","modified_gmt":"2022-10-03T20:38:40","slug":"minimalismen-har-blivit-de-latas-estetik","status":"publish","type":"post","link":"https:\/\/www.larsandersjohansson.se\/?p=6533","title":{"rendered":"Minimalismen har blivit de latas estetik"},"content":{"rendered":"\n<p>Att kombinera f\u00e4rger, former och detaljer kr\u00e4ver kompetens. Det minimalistiska idealet har blivit en utv\u00e4g f\u00f6r den som vill slippa kritik utan att beh\u00f6va anstr\u00e4nga sig.<\/p>\n\n\n\n<p>Jag skriver i <a href=\"https:\/\/www.fokus.se\/kultur\/minimalismen-dodar-det-offentliga-rummet\/\">Nyhetsmagasinet Fokus<\/a> om ett estetiskt ideal som gjort v\u00e5ra omgivningar fulare och tr\u00e5kigare.<br><br><em>Detaljrikedom, former och f\u00e4rger bjuder in till kritisk granskning. St\u00e4ller du en skulptur i din tr\u00e4dg\u00e5rd kommer omgivningen att ha \u00e5sikter om den, att den \u00e4r vacker eller ful, att den passar in eller att den inte g\u00f6r det. Enklast d\u00e5 att utel\u00e4mna skulpturen helt och h\u00e5llet. S\u00e4tter du upp en m\u00f6nstrad tapet blottar du dig f\u00f6r motsvarande kritik. S\u00e4krare att m\u00e5la hela hemmet vitt, s\u00e5 har du ryggen fri. <\/em><\/p>\n\n\n\n<p><em>Samma sak g\u00e4ller n\u00e4r kommunen k\u00f6per in parkb\u00e4nkar och andra m\u00f6bler till det offentliga rummet. En ormbunkssoffa? Nej, d\u00e5 kan det komma anklagelser om kitsch, b\u00e4ttre att ta en avskalad variant i galvaniserat st\u00e5l, och skylla p\u00e5 att form ska f\u00f6lja av funktion.<\/em><\/p>\n\n\n\n<p><em>Men po\u00e4ngen med detaljer \u00e4r inte att var och en m\u00e5ste vara ansl\u00e5ende i sig sj\u00e4lv, och finna n\u00e5d inf\u00f6r den mest kr\u00e4sne konn\u00e4ss\u00f6rens \u00f6gon. Varje skulptur i en medeltida katedral kanske inte \u00e4r vacker eller smakfull. Det viktiga \u00e4r att de tillsammans bildar en helhet som \u00e4r mer levande \u00e4n en steril, minimalistisk milj\u00f6. <\/em><\/p>\n\n\n\n<p><em>Mycket som byggdes runt det f\u00f6rra sekelskiftet kan med fog beskyllas f\u00f6r att vara \u00f6verlastat och kitschigt, men skapar likv\u00e4l milj\u00f6er som de flesta tenderar att uppskatta betydligt mer \u00e4n samtidens sl\u00e4ta fasader och ospr\u00f6jsade f\u00f6nster. Medveten minimalism \u00e4r smakfull, medan slentrianm\u00e4ssig minimalism \u00e4r sj\u00e4lsd\u00f6dande och tr\u00e5kig. En stad utan detaljrikedom \u00e4r lika d\u00f6d som ett hem utan b\u00f6cker.<\/em><\/p>\n\n\n\n<p>L\u00e4s artikeln h\u00e4r: <a href=\"https:\/\/www.fokus.se\/kultur\/minimalismen-dodar-det-offentliga-rummet\/\">https:\/\/www.fokus.se\/kultur\/minimalismen-dodar-det-offentliga-rummet\/<\/a><\/p>\n","protected":false},"excerpt":{"rendered":"<p>Att kombinera f\u00e4rger, former och detaljer kr\u00e4ver kompetens. Det minimalistiska idealet har blivit en utv\u00e4g f\u00f6r den som vill slippa kritik utan att beh\u00f6va anstr\u00e4nga sig.<\/p>\n","protected":false},"author":1,"featured_media":6534,"comment_status":"open","ping_status":"open","sticky":false,"template":"","format":"standard","meta":{"ngg_post_thumbnail":0,"jetpack_publicize_message":"","jetpack_is_tweetstorm":false,"jetpack_publicize_feature_enabled":true,"jetpack_social_post_already_shared":true,"jetpack_social_options":{"image_generator_settings":{"template":"highway","enabled":false}}},"categories":[20,11,7],"tags":[32,155,187,209,119],"jetpack_publicize_connections":[],"jetpack_featured_media_url":"https:\/\/www.larsandersjohansson.se\/wordpress\/wp-content\/uploads\/2022\/10\/anders-jilden-Sc5RKXLBjGg-unsplash.jpeg","_links":{"self":[{"href":"https:\/\/www.larsandersjohansson.se\/index.php?rest_route=\/wp\/v2\/posts\/6533"}],"collection":[{"href":"https:\/\/www.larsandersjohansson.se\/index.php?rest_route=\/wp\/v2\/posts"}],"about":[{"href":"https:\/\/www.larsandersjohansson.se\/index.php?rest_route=\/wp\/v2\/types\/post"}],"author":[{"embeddable":true,"href":"https:\/\/www.larsandersjohansson.se\/index.php?rest_route=\/wp\/v2\/users\/1"}],"replies":[{"embeddable":true,"href":"https:\/\/www.larsandersjohansson.se\/index.php?rest_route=%2Fwp%2Fv2%2Fcomments&post=6533"}],"version-history":[{"count":1,"href":"https:\/\/www.larsandersjohansson.se\/index.php?rest_route=\/wp\/v2\/posts\/6533\/revisions"}],"predecessor-version":[{"id":6535,"href":"https:\/\/www.larsandersjohansson.se\/index.php?rest_route=\/wp\/v2\/posts\/6533\/revisions\/6535"}],"wp:featuredmedia":[{"embeddable":true,"href":"https:\/\/www.larsandersjohansson.se\/index.php?rest_route=\/wp\/v2\/media\/6534"}],"wp:attachment":[{"href":"https:\/\/www.larsandersjohansson.se\/index.php?rest_route=%2Fwp%2Fv2%2Fmedia&parent=6533"}],"wp:term":[{"taxonomy":"category","embeddable":true,"href":"https:\/\/www.larsandersjohansson.se\/index.php?rest_route=%2Fwp%2Fv2%2Fcategories&post=6533"},{"taxonomy":"post_tag","embeddable":true,"href":"https:\/\/www.larsandersjohansson.se\/index.php?rest_route=%2Fwp%2Fv2%2Ftags&post=6533"}],"curies":[{"name":"wp","href":"https:\/\/api.w.org\/{rel}","templated":true}]}}