{"id":6540,"date":"2022-10-19T09:43:27","date_gmt":"2022-10-19T07:43:27","guid":{"rendered":"http:\/\/www.larsandersjohansson.se\/?p=6540"},"modified":"2022-10-19T09:43:27","modified_gmt":"2022-10-19T07:43:27","slug":"kanondebatten-revisited","status":"publish","type":"post","link":"https:\/\/www.larsandersjohansson.se\/?p=6540","title":{"rendered":"Kanondebatten revisited"},"content":{"rendered":"\n<p>F\u00f6r n\u00e5gra veckor sedan efterlyste jag en f\u00f6rnyad kanondebatt. Den tilltr\u00e4dande regeringen tycks ha h\u00f6rsammat detta. Jag skriver i <a href=\"https:\/\/www.opulens.se\/opinion\/kronikor\/kritiken-mot-en-kulturkanon-missar-malet\/\">Opulens<\/a>:<\/p>\n\n\n\n<p>Den st\u00f6rsta faran med framtagandet av en statlig kulturkanon \u00e4r att den riskerar att fastna i samtidens fr\u00e5gest\u00e4llningar och konfliktlinjer och d\u00e4rf\u00f6r snabbt bli irrelevant och ointressant. De expertgrupper som f\u00e5r i uppdrag att ta fram listan b\u00f6r str\u00e4va efter att den statliga litteraturkanon i s\u00e5 h\u00f6g grad som m\u00f6jligt f\u00f6rh\u00e5ller sig till den verkliga kanon, det vill s\u00e4ga den m\u00e4ngd verk som vaskats fram genom kulturhistorien f\u00f6r att de av olika anledningar haft en relevans som best\u00e5tt \u00f6ver tid. Det \u00e4r verk som l\u00e4ses, kommenteras, refereras och debatteras av st\u00e4ndigt nya generationer. Att k\u00e4nna till och f\u00f6rst\u00e5 dessa verk \u00e4r att \u00e4ga nycklarna till v\u00e5r kultur.<\/p>\n\n\n\n<p>Om en statlig kulturkanon ska g\u00f6ra skillnad och j\u00e4mna ut bildningsglappet mellan dem som kommer fr\u00e5n bildade hem och dem som inte g\u00f6r det, \u00e4r det detta som b\u00f6r vara utg\u00e5ngspunkten.<br><br>L\u00e4s artikeln h\u00e4r: <a href=\"https:\/\/www.opulens.se\/opinion\/kronikor\/kritiken-mot-en-kulturkanon-missar-malet\/\">https:\/\/www.opulens.se\/opinion\/kronikor\/kritiken-mot-en-kulturkanon-missar-malet\/<\/a><\/p>\n","protected":false},"excerpt":{"rendered":"<p>Den st\u00f6rsta faran med framtagandet av en statlig kulturkanon \u00e4r att den riskerar att fastna i samtidens fr\u00e5gest\u00e4llningar och konfliktlinjer och d\u00e4rf\u00f6r snabbt bli irrelevant och ointressant. <\/p>\n","protected":false},"author":1,"featured_media":6541,"comment_status":"closed","ping_status":"closed","sticky":false,"template":"","format":"standard","meta":{"ngg_post_thumbnail":0,"jetpack_publicize_message":"","jetpack_is_tweetstorm":false,"jetpack_publicize_feature_enabled":true,"jetpack_social_post_already_shared":true,"jetpack_social_options":{"image_generator_settings":{"template":"highway","enabled":false}}},"categories":[20,7,4],"tags":[143,36,35,218,74,33,41,170],"jetpack_publicize_connections":[],"jetpack_featured_media_url":"https:\/\/www.larsandersjohansson.se\/wordpress\/wp-content\/uploads\/2022\/10\/giammarco-zeH-ljawHtg-unsplash-scaled.jpeg","_links":{"self":[{"href":"https:\/\/www.larsandersjohansson.se\/index.php?rest_route=\/wp\/v2\/posts\/6540"}],"collection":[{"href":"https:\/\/www.larsandersjohansson.se\/index.php?rest_route=\/wp\/v2\/posts"}],"about":[{"href":"https:\/\/www.larsandersjohansson.se\/index.php?rest_route=\/wp\/v2\/types\/post"}],"author":[{"embeddable":true,"href":"https:\/\/www.larsandersjohansson.se\/index.php?rest_route=\/wp\/v2\/users\/1"}],"replies":[{"embeddable":true,"href":"https:\/\/www.larsandersjohansson.se\/index.php?rest_route=%2Fwp%2Fv2%2Fcomments&post=6540"}],"version-history":[{"count":1,"href":"https:\/\/www.larsandersjohansson.se\/index.php?rest_route=\/wp\/v2\/posts\/6540\/revisions"}],"predecessor-version":[{"id":6542,"href":"https:\/\/www.larsandersjohansson.se\/index.php?rest_route=\/wp\/v2\/posts\/6540\/revisions\/6542"}],"wp:featuredmedia":[{"embeddable":true,"href":"https:\/\/www.larsandersjohansson.se\/index.php?rest_route=\/wp\/v2\/media\/6541"}],"wp:attachment":[{"href":"https:\/\/www.larsandersjohansson.se\/index.php?rest_route=%2Fwp%2Fv2%2Fmedia&parent=6540"}],"wp:term":[{"taxonomy":"category","embeddable":true,"href":"https:\/\/www.larsandersjohansson.se\/index.php?rest_route=%2Fwp%2Fv2%2Fcategories&post=6540"},{"taxonomy":"post_tag","embeddable":true,"href":"https:\/\/www.larsandersjohansson.se\/index.php?rest_route=%2Fwp%2Fv2%2Ftags&post=6540"}],"curies":[{"name":"wp","href":"https:\/\/api.w.org\/{rel}","templated":true}]}}