{"id":6548,"date":"2022-11-08T14:21:39","date_gmt":"2022-11-08T13:21:39","guid":{"rendered":"http:\/\/www.larsandersjohansson.se\/?p=6548"},"modified":"2022-11-08T14:21:39","modified_gmt":"2022-11-08T13:21:39","slug":"svenskar-finns-de","status":"publish","type":"post","link":"https:\/\/www.larsandersjohansson.se\/?p=6548","title":{"rendered":"Svenskar, finns de?"},"content":{"rendered":"\n<p>Finns det n\u00e5gon svensk kultur?  F\u00f6r alla som kommer utifr\u00e5n \u00e4r svaret uppenbart, Sverige \u00e4r ett av de mest homogena och egensinniga l\u00e4nderna p\u00e5 jordklotet, f\u00f6r att inte tala om det mest egenk\u00e4ra. Den humanit\u00e4ra stormaktens falska \u00f6dmjukhet \u00e4r bara ett av den svenska nationalkarakt\u00e4rens mindre smickrande drag. Ett annat typiskt svenskt drag \u00e4r det neurotiska f\u00f6rnekandet av att det skulle finnas n\u00e5got som \u00e4r typiskt svenskt.<\/p>\n\n\n\n<p>Jag brukar, i likhet med m\u00e5nga andra, roa mig n\u00e4r jag \u00e5ker utomlands, med att p\u00e5 l\u00e5ngt avst\u00e5nd f\u00f6rs\u00f6ka urskilja vilka som \u00e4r svenskar p\u00e5 gatan i London, Paris, Rom och Los Angeles. Det sl\u00e5r n\u00e4stan aldrig fel. Svenskarna sticker ut, genom sin homogena individualism, sin diskreta trendk\u00e4nslighet och sin p\u00e5 samma g\u00e5ng sj\u00e4lvs\u00e4kra och os\u00e4kra attityd.<\/p>\n\n\n\n<p>Jag skriver i <a href=\"https:\/\/www.opulens.se\/opinion\/kronikor\/blagul-sjalvforhavelse-genom-sjalvutplaning\/\">Opulens<\/a> om svenskheten och dess belackare:<\/p>\n\n\n\n<p>Den svenska nationalromantiken kring f\u00f6rra sekelskiftet inom konst, litteratur och musik skiljer sig ocks\u00e5 fr\u00e5n den i m\u00e5nga andra europeiska l\u00e4nder vid samma tid. Medan den nationalromantiska konsten och litteraturen i m\u00e5nga l\u00e4nder fungerat som inslag i en politisk str\u00e4van att skapa homogena nationalstater ur brokiga, m\u00e5ngkulturella imperier, fokuserade den svenska nationalromantiken ist\u00e4llet p\u00e5 naturens sk\u00f6nhet och de regionala och lokala kulturyttringar som h\u00f6ll p\u00e5 att duka under f\u00f6r den moderna svenska nationalstatens framv\u00e4xt. Det g\u00f6ticistiska vurmandet f\u00f6r stormaktstidens krigarkungar var vid det laget redan marginaliserat.<\/p>\n\n\n\n<p>Kanske \u00e4r det d\u00e4rf\u00f6r Sverigedemokraternas sorgl\u00f6sa folkhemsnationalism sticker extra mycket i \u00f6gonen p\u00e5 den goda smakens v\u00e4ktare och riddersm\u00e4n p\u00e5 kultursidorna: f\u00f6r att den \u00e4r s\u00e5 p\u00e5fallande osvensk. Det sant svenska \u00e4r att f\u00f6rneka det svenska. Sj\u00e4lvf\u00f6rh\u00e4velse genom sj\u00e4lvutpl\u00e5ning.<br><br>L\u00e4s artikeln h\u00e4r: <a href=\"https:\/\/www.opulens.se\/opinion\/kronikor\/blagul-sjalvforhavelse-genom-sjalvutplaning\/\">https:\/\/www.opulens.se\/opinion\/kronikor\/blagul-sjalvforhavelse-genom-sjalvutplaning\/<\/a><\/p>\n","protected":false},"excerpt":{"rendered":"<p>Jag skriver i Opulens om svenskheten och dessbelackare.<\/p>\n","protected":false},"author":1,"featured_media":6549,"comment_status":"closed","ping_status":"closed","sticky":false,"template":"","format":"standard","meta":{"ngg_post_thumbnail":0,"jetpack_publicize_message":"","jetpack_is_tweetstorm":false,"jetpack_publicize_feature_enabled":true,"jetpack_social_post_already_shared":true,"jetpack_social_options":{"image_generator_settings":{"template":"highway","enabled":false}}},"categories":[20,11,7,4],"tags":[36,35,231,130,226,230,229,53],"jetpack_publicize_connections":[],"jetpack_featured_media_url":"https:\/\/www.larsandersjohansson.se\/wordpress\/wp-content\/uploads\/2022\/11\/samuel-bryngelsson-zFlhxrwdKnk-unsplash-scaled.jpeg","_links":{"self":[{"href":"https:\/\/www.larsandersjohansson.se\/index.php?rest_route=\/wp\/v2\/posts\/6548"}],"collection":[{"href":"https:\/\/www.larsandersjohansson.se\/index.php?rest_route=\/wp\/v2\/posts"}],"about":[{"href":"https:\/\/www.larsandersjohansson.se\/index.php?rest_route=\/wp\/v2\/types\/post"}],"author":[{"embeddable":true,"href":"https:\/\/www.larsandersjohansson.se\/index.php?rest_route=\/wp\/v2\/users\/1"}],"replies":[{"embeddable":true,"href":"https:\/\/www.larsandersjohansson.se\/index.php?rest_route=%2Fwp%2Fv2%2Fcomments&post=6548"}],"version-history":[{"count":1,"href":"https:\/\/www.larsandersjohansson.se\/index.php?rest_route=\/wp\/v2\/posts\/6548\/revisions"}],"predecessor-version":[{"id":6550,"href":"https:\/\/www.larsandersjohansson.se\/index.php?rest_route=\/wp\/v2\/posts\/6548\/revisions\/6550"}],"wp:featuredmedia":[{"embeddable":true,"href":"https:\/\/www.larsandersjohansson.se\/index.php?rest_route=\/wp\/v2\/media\/6549"}],"wp:attachment":[{"href":"https:\/\/www.larsandersjohansson.se\/index.php?rest_route=%2Fwp%2Fv2%2Fmedia&parent=6548"}],"wp:term":[{"taxonomy":"category","embeddable":true,"href":"https:\/\/www.larsandersjohansson.se\/index.php?rest_route=%2Fwp%2Fv2%2Fcategories&post=6548"},{"taxonomy":"post_tag","embeddable":true,"href":"https:\/\/www.larsandersjohansson.se\/index.php?rest_route=%2Fwp%2Fv2%2Ftags&post=6548"}],"curies":[{"name":"wp","href":"https:\/\/api.w.org\/{rel}","templated":true}]}}