{"id":6583,"date":"2023-01-17T18:40:47","date_gmt":"2023-01-17T17:40:47","guid":{"rendered":"https:\/\/www.larsandersjohansson.se\/?p=6583"},"modified":"2023-01-17T18:40:47","modified_gmt":"2023-01-17T17:40:47","slug":"kulturbarnen-och-medelmattornas-tyranni","status":"publish","type":"post","link":"https:\/\/www.larsandersjohansson.se\/?p=6583","title":{"rendered":"Kulturbarnen och medelm\u00e5ttornas tyranni"},"content":{"rendered":"\n<p>Debatten om kulturbarnen leder fel genom att fokusera p\u00e5 f\u00f6ruts\u00e4ttningar ist\u00e4llet f\u00f6r utfall. Det \u00e4r inte nepotismen som \u00e4r det stora problemet i kulturlivet, utan att konsten f\u00f6rlorat sitt egenv\u00e4rde, skriver jag i <a href=\"https:\/\/www.opulens.se\/opinion\/kronikor\/medelmattornas-tyranni\/\">Opulens<\/a>:<\/p>\n\n\n\n<p>&#8221;Det tragiska med debatten om kulturbarnen \u00e4r inte att vissa f\u00e5tt b\u00e4ttre f\u00f6ruts\u00e4ttningar \u00e4n andra att lyckas i kulturlivet. S\u00e5 har det som sagt alltid varit. Det tragiska \u00e4r att vem du \u00e4r numera tycks vara det enda som r\u00e4knas, inte vad du \u00e5stadkommer. N\u00e4r de konstn\u00e4rliga m\u00e5ttstockarna avskaffats kommer kultursektorn att befolkas av medelm\u00e5ttor. Kanske \u00e4r kulturbarnens starka st\u00e4llning idag en konsekvens av att deras efternamn omges av ett nostalgiskt skimmer som p\u00e5minner oss om den tid d\u00e5 deras f\u00f6r\u00e4ldrar slog igenom, en tid som v\u00e4rdesatte konstn\u00e4rlig talang och kulturen ans\u00e5gs ha ett egenv\u00e4rde.&#8221;<br><br>L\u00e4s artikeln h\u00e4r: <a href=\"https:\/\/www.opulens.se\/opinion\/kronikor\/medelmattornas-tyranni\/\">https:\/\/www.opulens.se\/opinion\/kronikor\/medelmattornas-tyranni\/<\/a><\/p>\n","protected":false},"excerpt":{"rendered":"<p>Debatten om kulturbarnen leder fel genom att fokusera p\u00e5 f\u00f6ruts\u00e4ttningar ist\u00e4llet f\u00f6r utfall. Det \u00e4r inte nepotismen som \u00e4r det stora problemet i kulturlivet, utan att konsten f\u00f6rlorat sitt egenv\u00e4rde, skriver jag i Opulens.<\/p>\n","protected":false},"author":1,"featured_media":6584,"comment_status":"closed","ping_status":"closed","sticky":false,"template":"","format":"standard","meta":{"ngg_post_thumbnail":0,"jetpack_publicize_message":"","jetpack_is_tweetstorm":false,"jetpack_publicize_feature_enabled":true,"jetpack_social_post_already_shared":true,"jetpack_social_options":{"image_generator_settings":{"template":"highway","enabled":false}}},"categories":[20,11,7,4],"tags":[36,252,56,251],"jetpack_publicize_connections":[],"jetpack_featured_media_url":"https:\/\/www.larsandersjohansson.se\/wordpress\/wp-content\/uploads\/2023\/01\/kyle-head-p6rNTdAPbuk-unsplash-scaled.jpeg","_links":{"self":[{"href":"https:\/\/www.larsandersjohansson.se\/index.php?rest_route=\/wp\/v2\/posts\/6583"}],"collection":[{"href":"https:\/\/www.larsandersjohansson.se\/index.php?rest_route=\/wp\/v2\/posts"}],"about":[{"href":"https:\/\/www.larsandersjohansson.se\/index.php?rest_route=\/wp\/v2\/types\/post"}],"author":[{"embeddable":true,"href":"https:\/\/www.larsandersjohansson.se\/index.php?rest_route=\/wp\/v2\/users\/1"}],"replies":[{"embeddable":true,"href":"https:\/\/www.larsandersjohansson.se\/index.php?rest_route=%2Fwp%2Fv2%2Fcomments&post=6583"}],"version-history":[{"count":1,"href":"https:\/\/www.larsandersjohansson.se\/index.php?rest_route=\/wp\/v2\/posts\/6583\/revisions"}],"predecessor-version":[{"id":6585,"href":"https:\/\/www.larsandersjohansson.se\/index.php?rest_route=\/wp\/v2\/posts\/6583\/revisions\/6585"}],"wp:featuredmedia":[{"embeddable":true,"href":"https:\/\/www.larsandersjohansson.se\/index.php?rest_route=\/wp\/v2\/media\/6584"}],"wp:attachment":[{"href":"https:\/\/www.larsandersjohansson.se\/index.php?rest_route=%2Fwp%2Fv2%2Fmedia&parent=6583"}],"wp:term":[{"taxonomy":"category","embeddable":true,"href":"https:\/\/www.larsandersjohansson.se\/index.php?rest_route=%2Fwp%2Fv2%2Fcategories&post=6583"},{"taxonomy":"post_tag","embeddable":true,"href":"https:\/\/www.larsandersjohansson.se\/index.php?rest_route=%2Fwp%2Fv2%2Ftags&post=6583"}],"curies":[{"name":"wp","href":"https:\/\/api.w.org\/{rel}","templated":true}]}}