{"id":6647,"date":"2023-04-24T14:37:36","date_gmt":"2023-04-24T12:37:36","guid":{"rendered":"https:\/\/www.larsandersjohansson.se\/?p=6647"},"modified":"2023-04-24T14:37:36","modified_gmt":"2023-04-24T12:37:36","slug":"modernismen-ar-dod-lange-leve-modernismen","status":"publish","type":"post","link":"https:\/\/www.larsandersjohansson.se\/?p=6647","title":{"rendered":"Modernismen \u00e4r d\u00f6d, l\u00e4nge leve modernismen!"},"content":{"rendered":"\n<p>Den modernistiska ideologin \u00e4r hoppl\u00f6st f\u00f6rlegad, men den modernistiska estetiken lever i h\u00f6gsta grad. N\u00e4r vi talar om modernism inom arkitektur och stadsbyggnad talar vi om flera olika saker samtidigt. Vi talar om en stil, en tradition och en ideologi. Det \u00e4r inte alltid helt l\u00e4tt att skilja dessa saker \u00e5t. Men det \u00e4r h\u00f6g tid att vi b\u00f6rjar betrakta modernismen som en historisk stil bland andra.<\/p>\n\n\n\n<p>Jag skriver i <a href=\"https:\/\/www.fokus.se\/kultur\/lange-leve-den-modernistiska-stilen\/\">Fokus <\/a>om arkitekterna Gunnar och Hans Asplund att vi m\u00e5ste skilja modernismen som arkitekturstil fr\u00e5n den modernistiska ideologin:<\/p>\n\n\n\n<p>Idag har modernismen mer \u00e4n hundra \u00e5r p\u00e5 nacken, vilket g\u00f6r att vi kan betrakta den med historien som facit. Den modernistiska ideologin har v\u00e4gts och befunnits f\u00f6r l\u00e4tt: det skapades ingen ny \u201cmassm\u00e4nniska\u201d. M\u00e4nniskors dr\u00f6mmar, \u00f6nskem\u00e5l och behov av trivsel, sk\u00f6nhet och m\u00e4nsklig skala \u00e4r alltj\u00e4mt densamma. Trafik- och funktionssepareringen skapade sterila och \u00f6dsliga stadsmilj\u00f6er, utan urbana kvaliteter. Avst\u00e5ndstagandet fr\u00e5n traditionen och arkitekturhistorien ledde inte till f\u00f6rnyelse utan till likriktning.<\/p>\n\n\n\n<p>Men \u00e4ven om den teoretiserande och moraliserande ideologin \u00e4r mogen att kasseras betyder det inte att vi inte kan uppskatta modernismen som stil. M\u00e5nga av den tidiga modernismens byggnader och bostadsomr\u00e5den \u00e4r idag \u00e4lskade och uppskattade f\u00f6r sin sk\u00f6nhet. Det \u00e4r h\u00f6g tid att vi b\u00f6rjar betrakta den modernistiska arkitekturen som en historisk stilinriktning bland andra. Ett av m\u00e5nga alternativ att v\u00e4lja att inspireras av, f\u00f6r dagens och framtidens arkitekter och byggherrar. Den modernistiska ideologin \u00e4r d\u00f6d. L\u00e4nge leve den modernistiska stilen.<\/p>\n\n\n\n<p>L\u00e4s artikeln h\u00e4r. <a href=\"https:\/\/www.fokus.se\/kultur\/lange-leve-den-modernistiska-stilen\/\">https:\/\/www.fokus.se\/kultur\/lange-leve-den-modernistiska-stilen\/<\/a><\/p>\n\n\n\n<p><em>Foto: Arild V\u00e5gen CC BY-SA 3.0<\/em><\/p>\n","protected":false},"excerpt":{"rendered":"<p>Jag skriver i Fokus om arkitekterna Gunnar och Hans Asplund att vi m\u00e5ste skilja modernismen som arkitekturstil fr\u00e5n den modernistiska ideologin.<\/p>\n","protected":false},"author":1,"featured_media":6648,"comment_status":"closed","ping_status":"closed","sticky":false,"template":"","format":"standard","meta":{"ngg_post_thumbnail":0,"jetpack_publicize_message":"","jetpack_is_tweetstorm":false,"jetpack_publicize_feature_enabled":true,"jetpack_social_post_already_shared":true,"jetpack_social_options":{"image_generator_settings":{"template":"highway","enabled":false}}},"categories":[20,11,7,4],"tags":[32,75,132,187,36,35,119,29],"jetpack_publicize_connections":[],"jetpack_featured_media_url":"https:\/\/www.larsandersjohansson.se\/wordpress\/wp-content\/uploads\/2023\/04\/Monumenthallen_2012a-scaled.jpg","_links":{"self":[{"href":"https:\/\/www.larsandersjohansson.se\/index.php?rest_route=\/wp\/v2\/posts\/6647"}],"collection":[{"href":"https:\/\/www.larsandersjohansson.se\/index.php?rest_route=\/wp\/v2\/posts"}],"about":[{"href":"https:\/\/www.larsandersjohansson.se\/index.php?rest_route=\/wp\/v2\/types\/post"}],"author":[{"embeddable":true,"href":"https:\/\/www.larsandersjohansson.se\/index.php?rest_route=\/wp\/v2\/users\/1"}],"replies":[{"embeddable":true,"href":"https:\/\/www.larsandersjohansson.se\/index.php?rest_route=%2Fwp%2Fv2%2Fcomments&post=6647"}],"version-history":[{"count":1,"href":"https:\/\/www.larsandersjohansson.se\/index.php?rest_route=\/wp\/v2\/posts\/6647\/revisions"}],"predecessor-version":[{"id":6649,"href":"https:\/\/www.larsandersjohansson.se\/index.php?rest_route=\/wp\/v2\/posts\/6647\/revisions\/6649"}],"wp:featuredmedia":[{"embeddable":true,"href":"https:\/\/www.larsandersjohansson.se\/index.php?rest_route=\/wp\/v2\/media\/6648"}],"wp:attachment":[{"href":"https:\/\/www.larsandersjohansson.se\/index.php?rest_route=%2Fwp%2Fv2%2Fmedia&parent=6647"}],"wp:term":[{"taxonomy":"category","embeddable":true,"href":"https:\/\/www.larsandersjohansson.se\/index.php?rest_route=%2Fwp%2Fv2%2Fcategories&post=6647"},{"taxonomy":"post_tag","embeddable":true,"href":"https:\/\/www.larsandersjohansson.se\/index.php?rest_route=%2Fwp%2Fv2%2Ftags&post=6647"}],"curies":[{"name":"wp","href":"https:\/\/api.w.org\/{rel}","templated":true}]}}