{"id":6682,"date":"2023-06-16T16:28:34","date_gmt":"2023-06-16T14:28:34","guid":{"rendered":"https:\/\/www.larsandersjohansson.se\/?p=6682"},"modified":"2023-06-16T16:28:34","modified_gmt":"2023-06-16T14:28:34","slug":"flaggor-pa-studenten-ar-den-nya-luciadebatten","status":"publish","type":"post","link":"https:\/\/www.larsandersjohansson.se\/?p=6682","title":{"rendered":"Flaggor p\u00e5 studenten \u00e4r den nya luciadebatten"},"content":{"rendered":"\n<p>Utl\u00e4ndska flaggor draperade \u00f6ver axlarna p\u00e5 glada studentfirare \u00e4r sedan n\u00e5gra \u00e5r tillbaka f\u00f6rem\u00e5l f\u00f6r en \u00e5rligt \u00e5terkommande debatt som tycks vara p\u00e5 v\u00e4g att etablera sig till samma traditionstyngda status som luciadebatten. Kombattanterna formerar sig l\u00e4ngs det amerikaniserade kulturkrigets sedvanliga konfliktlinje.<\/p>\n\n\n\n<p>Jag skriver i <a href=\"https:\/\/magasinetkonkret.se\/flaggor-pa-studenten-ar-den-nya-luciadebatten\/\">Magasinet Konkret<\/a> om utl\u00e4ndska flaggor p\u00e5 studentfiranden:<\/p>\n\n\n\n<p>N\u00e4r jag tog studenten var Sverige redan ett m\u00e5ngkulturellt samh\u00e4lle och jag hade studiekamrater fr\u00e5n m\u00e5nga delar av v\u00e4rlden. Bruket med nationsflaggor f\u00f6r att manifestera sin bakgrund hade dock \u00e4nnu inte slagit igenom. Att fenomenet v\u00e4cker k\u00e4nslor blev jag f\u00f6rst varse f\u00f6r n\u00e5gra \u00e5r sedan, n\u00e4r jag p\u00e5 Twitter st\u00e4llde fr\u00e5gan om hur l\u00e4nge fenomenet f\u00f6rekommit. Jag skrev:<\/p>\n\n\n\n<p>&#8221;Ser reaktioner p\u00e5 att studenter (ungdomar som g\u00e5tt ut gymnasiet) har haft utl\u00e4ndska flaggor i sina korteger, och efterlysningar p\u00e5 svenska flaggor. Har det n\u00e5gonsin varit norm? Jag kan inte minnas n\u00e5gra flaggor \u00f6ver huvudtaget fr\u00e5n n\u00e4r jag tog studenten.*<\/p>\n\n\n\n<p>Ett antal twittrare gjorde sitt b\u00e4sta f\u00f6r att medvetet misstolka min tweet, bland annat en forskare i utbildningshistoria som postade en serie bilder p\u00e5 historiska studentfiranden med svenska fanor i t\u00e4ten och orden \u201cH\u00e4r har du bara n\u00e5gra exempel p\u00e5 hur flaggor varit viktigt inslag i firandet av studenten.\u201d Sj\u00e4lvklart f\u00f6rstod hon, och alla andra som reagerade p\u00e5 min fr\u00e5ga, att detta var n\u00e5got helt annat \u00e4n fenomenet som jag var nyfiken p\u00e5.<\/p>\n\n\n\n<p>Ingen av studenterna p\u00e5 de historiska bilderna hade draperat sig i den svenska flaggan f\u00f6r att markera en individuell identitet. Det var just detta f\u00f6r\u00e4ndrade bruk av fanor &#8211; fr\u00e5n en gemensam symbol att samlas kring till uttryck f\u00f6r individuell identitet, som intresserade mig. Men bara att st\u00e4lla en fr\u00e5ga om detta v\u00e4ckte uppenbarligen ont blod i vissa kretsar.<\/p>\n\n\n\n<p>Det \u00e4r ett faktum att Sverige idag befolkas av en stor m\u00e4ngd m\u00e4nniskor med r\u00f6tter i andra delar av v\u00e4rlden, alldeles oavsett om man anser att den f\u00f6rda invandringspolitiken har varit en tillg\u00e5ng eller en belastning. F\u00f6r den som har sina r\u00f6tter n\u00e5gon annanstans kommer detta sj\u00e4lvklart att vara en betydelsefull del av identiteten. Det betyder inte att att det utg\u00f6r hela identiteten, eller att personen tar avst\u00e5nd fr\u00e5n det omgivande samh\u00e4llet.<\/p>\n\n\n\n<p>Nej, dagens draperande av utl\u00e4ndska flaggor \u00f6ver axlarna vid studentfiranden \u00e4r inte samma sak som 1940- och 50-talens fanborgar, det inser egentligen alla. Men det beh\u00f6ver inte vara ett uttryck f\u00f6r s\u00f6ndring och splittring. Sedan jag tog studenten har ocks\u00e5 den svenska flaggan \u00e5terkommit som samlande symbol, fr\u00e5n att under n\u00e5gra \u00e5rtionden n\u00e4rmast betraktats som en pinsamhet. P\u00e5 det studentfirande jag bevistade senast kl\u00e4mde studenterna med utl\u00e4ndska flaggor i lika friskt i nationals\u00e5ngen och students\u00e5ngen som de med r\u00f6tterna i Sverige. Individualism och gemenskap beh\u00f6ver inte st\u00e5 i ett motsatsf\u00f6rh\u00e5llande till varandra. Gamla traditioner och nya kan existera sida vid sida.<\/p>\n\n\n\n<p>H\u00e4r kan man l\u00e4sa artikeln: <a href=\"https:\/\/magasinetkonkret.se\/flaggor-pa-studenten-ar-den-nya-luciadebatten\/\">https:\/\/magasinetkonkret.se\/flaggor-pa-studenten-ar-den-nya-luciadebatten\/<\/a><\/p>\n\n\n\n<p>Foto: Holger Ellgaard (CC BY-SA 3.0)<\/p>\n","protected":false},"excerpt":{"rendered":"<p>Utl\u00e4ndska flaggor draperade \u00f6ver axlarna p\u00e5 glada studentfirare \u00e4r sedan n\u00e5gra \u00e5r tillbaka f\u00f6rem\u00e5l f\u00f6r en \u00e5rligt \u00e5terkommande debatt som tycks vara p\u00e5 v\u00e4g att etablera sig till samma traditionstyngda status som luciadebatten. <\/p>\n","protected":false},"author":1,"featured_media":6681,"comment_status":"closed","ping_status":"closed","sticky":false,"template":"","format":"standard","meta":{"ngg_post_thumbnail":0,"jetpack_publicize_message":"","jetpack_is_tweetstorm":false,"jetpack_publicize_feature_enabled":true,"jetpack_social_post_already_shared":true,"jetpack_social_options":{"image_generator_settings":{"template":"highway","enabled":false}}},"categories":[20],"tags":[36,35,231,130,310,309,131,77],"jetpack_publicize_connections":[],"jetpack_featured_media_url":"https:\/\/www.larsandersjohansson.se\/wordpress\/wp-content\/uploads\/2023\/06\/2560px-Utspring_Stockholm_2010-1.jpeg","_links":{"self":[{"href":"https:\/\/www.larsandersjohansson.se\/index.php?rest_route=\/wp\/v2\/posts\/6682"}],"collection":[{"href":"https:\/\/www.larsandersjohansson.se\/index.php?rest_route=\/wp\/v2\/posts"}],"about":[{"href":"https:\/\/www.larsandersjohansson.se\/index.php?rest_route=\/wp\/v2\/types\/post"}],"author":[{"embeddable":true,"href":"https:\/\/www.larsandersjohansson.se\/index.php?rest_route=\/wp\/v2\/users\/1"}],"replies":[{"embeddable":true,"href":"https:\/\/www.larsandersjohansson.se\/index.php?rest_route=%2Fwp%2Fv2%2Fcomments&post=6682"}],"version-history":[{"count":1,"href":"https:\/\/www.larsandersjohansson.se\/index.php?rest_route=\/wp\/v2\/posts\/6682\/revisions"}],"predecessor-version":[{"id":6683,"href":"https:\/\/www.larsandersjohansson.se\/index.php?rest_route=\/wp\/v2\/posts\/6682\/revisions\/6683"}],"wp:featuredmedia":[{"embeddable":true,"href":"https:\/\/www.larsandersjohansson.se\/index.php?rest_route=\/wp\/v2\/media\/6681"}],"wp:attachment":[{"href":"https:\/\/www.larsandersjohansson.se\/index.php?rest_route=%2Fwp%2Fv2%2Fmedia&parent=6682"}],"wp:term":[{"taxonomy":"category","embeddable":true,"href":"https:\/\/www.larsandersjohansson.se\/index.php?rest_route=%2Fwp%2Fv2%2Fcategories&post=6682"},{"taxonomy":"post_tag","embeddable":true,"href":"https:\/\/www.larsandersjohansson.se\/index.php?rest_route=%2Fwp%2Fv2%2Ftags&post=6682"}],"curies":[{"name":"wp","href":"https:\/\/api.w.org\/{rel}","templated":true}]}}