{"id":6693,"date":"2023-08-20T17:31:43","date_gmt":"2023-08-20T15:31:43","guid":{"rendered":"https:\/\/www.larsandersjohansson.se\/?p=6693"},"modified":"2023-08-20T17:31:43","modified_gmt":"2023-08-20T15:31:43","slug":"aterfortrolla-jarnvagen","status":"publish","type":"post","link":"https:\/\/www.larsandersjohansson.se\/?p=6693","title":{"rendered":"\u00c5terf\u00f6rtrolla j\u00e4rnv\u00e4gen"},"content":{"rendered":"\n<p>F\u00f6r ett sekel sedan byggdes j\u00e4rnv\u00e4gsstationer som palats mitt i \u00f6demarken. Idag byggs sj\u00e4ll\u00f6sa resecentra mitt i st\u00e4derna, samtidigt som j\u00e4rnv\u00e4gens byggda kulturarv till\u00e5ts f\u00f6rfalla eller rivs.<\/p>\n\n\n\n<p>Jag skriver i <a href=\"https:\/\/www.fokus.se\/kultur\/det-ar-hog-tid-att-aterfortrolla-jarnvagen\/\">Fokus<\/a> om stationshusen l\u00e4ngs Malmbanan, hotet mot j\u00e4rnv\u00e4gens kulturarv och dagens fula j\u00e4rnv\u00e4gsarkitektur.<\/p>\n\n\n\n<p>Under mer \u00e4n ett sekel str\u00e4vade j\u00e4rnv\u00e4gens makthavare efter att omge resandet med sk\u00f6nhet och det romantiska skimmer som det f\u00f6rtj\u00e4nar. En j\u00e4rnv\u00e4gsstation \u00e4r platsen f\u00f6r avsked och v\u00e4lkomnanden, det \u00e4r d\u00e4r \u00e4ventyr och k\u00e4rlekshistorier tar sin b\u00f6rjan, d\u00e4r vi kommer i samspr\u00e5k med fr\u00e4mlingar och vidgar v\u00e5ra vyer. <\/p>\n\n\n\n<p>Den avf\u00f6rtrollning av v\u00e4rlden som Max Weber iakttog f\u00f6r mer \u00e4n hundra \u00e5r sedan har g\u00e5tt kanske allra l\u00e4ngst n\u00e4r det kommer till resandets estetik. Avf\u00f6rtrollningen har tr\u00e4ngt in i sj\u00e4lva spr\u00e5kbruket. Kanske \u00e4r det den visuella fulheten som g\u00f6r att j\u00e4rnv\u00e4gens m\u00e4n och kvinnor tycker att det k\u00e4nns rimligt att ers\u00e4tta perrongerna med plattformar, och j\u00e4rnv\u00e4gsstationerna med resecentra. Men ingen blev n\u00e5gonsin f\u00f6r\u00e4lskad p\u00e5 ett resecentrum, och ingen stor roman har n\u00e5gonsin b\u00f6rja p\u00e5 en plattform. Det \u00e4r h\u00f6g tid att \u00e5terf\u00f6rtrolla j\u00e4rnv\u00e4gen.<\/p>\n\n\n\n<p>L\u00e4s artikeln h\u00e4r: <a href=\"https:\/\/www.fokus.se\/kultur\/det-ar-hog-tid-att-aterfortrolla-jarnvagen\/\">https:\/\/www.fokus.se\/kultur\/det-ar-hog-tid-att-aterfortrolla-jarnvagen\/<\/a><\/p>\n","protected":false},"excerpt":{"rendered":"<p>Jag skriver i Fokus om stationshusen l\u00e4ngs Malmbanan, hotet mot j\u00e4rnv\u00e4gens kulturarv och dagens fula j\u00e4rnv\u00e4gsarkitektur.<\/p>\n","protected":false},"author":1,"featured_media":6694,"comment_status":"closed","ping_status":"closed","sticky":false,"template":"","format":"standard","meta":{"ngg_post_thumbnail":0,"jetpack_publicize_message":"","jetpack_is_tweetstorm":false,"jetpack_publicize_feature_enabled":true,"jetpack_social_post_already_shared":true,"jetpack_social_options":{"image_generator_settings":{"template":"highway","enabled":false}}},"categories":[20,11,7,4],"tags":[32,75,312,314,36,35,316,119,29,315,222],"jetpack_publicize_connections":[],"jetpack_featured_media_url":"https:\/\/www.larsandersjohansson.se\/wordpress\/wp-content\/uploads\/2023\/08\/image0-scaled.jpeg","_links":{"self":[{"href":"https:\/\/www.larsandersjohansson.se\/index.php?rest_route=\/wp\/v2\/posts\/6693"}],"collection":[{"href":"https:\/\/www.larsandersjohansson.se\/index.php?rest_route=\/wp\/v2\/posts"}],"about":[{"href":"https:\/\/www.larsandersjohansson.se\/index.php?rest_route=\/wp\/v2\/types\/post"}],"author":[{"embeddable":true,"href":"https:\/\/www.larsandersjohansson.se\/index.php?rest_route=\/wp\/v2\/users\/1"}],"replies":[{"embeddable":true,"href":"https:\/\/www.larsandersjohansson.se\/index.php?rest_route=%2Fwp%2Fv2%2Fcomments&post=6693"}],"version-history":[{"count":1,"href":"https:\/\/www.larsandersjohansson.se\/index.php?rest_route=\/wp\/v2\/posts\/6693\/revisions"}],"predecessor-version":[{"id":6695,"href":"https:\/\/www.larsandersjohansson.se\/index.php?rest_route=\/wp\/v2\/posts\/6693\/revisions\/6695"}],"wp:featuredmedia":[{"embeddable":true,"href":"https:\/\/www.larsandersjohansson.se\/index.php?rest_route=\/wp\/v2\/media\/6694"}],"wp:attachment":[{"href":"https:\/\/www.larsandersjohansson.se\/index.php?rest_route=%2Fwp%2Fv2%2Fmedia&parent=6693"}],"wp:term":[{"taxonomy":"category","embeddable":true,"href":"https:\/\/www.larsandersjohansson.se\/index.php?rest_route=%2Fwp%2Fv2%2Fcategories&post=6693"},{"taxonomy":"post_tag","embeddable":true,"href":"https:\/\/www.larsandersjohansson.se\/index.php?rest_route=%2Fwp%2Fv2%2Ftags&post=6693"}],"curies":[{"name":"wp","href":"https:\/\/api.w.org\/{rel}","templated":true}]}}