{"id":6700,"date":"2023-08-30T12:29:19","date_gmt":"2023-08-30T10:29:19","guid":{"rendered":"https:\/\/www.larsandersjohansson.se\/?p=6700"},"modified":"2023-08-30T12:29:27","modified_gmt":"2023-08-30T10:29:27","slug":"ny-version-av-att-dansa-efter-maktens-pipa-i-host","status":"publish","type":"post","link":"https:\/\/www.larsandersjohansson.se\/?p=6700","title":{"rendered":"Ny version av Att dansa efter maktens pipa i h\u00f6st!"},"content":{"rendered":"\n<p>I h\u00f6st kommer en utvidgad och uppdaterad version av min bok om kulturpolitik, <em>Att dansa efter maktens pipa &#8211; kultur i politikens tj\u00e4nst<\/em>. Den nya upplagan t\u00e4cker \u00e4ven den tid som f\u00f6rlupit sedan boken f\u00f6rsta g\u00e5ngen kom ut 2017. S\u00e5 h\u00e4r skriver f\u00f6rlaget p\u00e5 sin <a href=\"https:\/\/timbro.se\/forlag\/dansa-efter-maktens-pipa\/\">hemsida<\/a>:<\/p>\n\n\n\n<p><em>Att dansa efter maktens pipa gavs ut f\u00f6rsta g\u00e5ngen 2017 och blev snabbt n\u00e5got av ett standardverk f\u00f6r den som vill f\u00f6rst\u00e5 svensk kulturpolitik. I denna nya och uppdaterade utg\u00e5va beskrivs tiden som f\u00f6rflutit sedan dess, med debatter om konstens frihet, metoo och Black Lives Matter och inte minst den st\u00f6rsta kris som drabbat kulturlivet i modern tid: Coronarestriktionerna.<\/em><\/p>\n\n\n\n<p>Den nya utg\u00e5van kommer att lanseras p\u00e5 bokm\u00e4ssan i G\u00f6teborg i slutet av september och i Stockholm l\u00e4ngre fram i h\u00f6st.<\/p>\n\n\n\n<p>L\u00e4s mer hos <a href=\"https:\/\/timbro.se\/forlag\/dansa-efter-maktens-pipa\/\">Timbro F\u00f6rlag<\/a>.<\/p>\n\n\n\n<figure class=\"wp-block-image size-large\"><a href=\"https:\/\/www.larsandersjohansson.se\/wordpress\/wp-content\/uploads\/2023\/08\/Attdansa.jpeg\"><img decoding=\"async\" loading=\"lazy\" width=\"1024\" height=\"761\" src=\"https:\/\/www.larsandersjohansson.se\/wordpress\/wp-content\/uploads\/2023\/08\/Attdansa-1024x761.jpeg\" alt=\"\" class=\"wp-image-6701\" srcset=\"https:\/\/www.larsandersjohansson.se\/wordpress\/wp-content\/uploads\/2023\/08\/Attdansa-1024x761.jpeg 1024w, https:\/\/www.larsandersjohansson.se\/wordpress\/wp-content\/uploads\/2023\/08\/Attdansa-300x223.jpeg 300w, https:\/\/www.larsandersjohansson.se\/wordpress\/wp-content\/uploads\/2023\/08\/Attdansa-768x571.jpeg 768w, https:\/\/www.larsandersjohansson.se\/wordpress\/wp-content\/uploads\/2023\/08\/Attdansa.jpeg 1179w\" sizes=\"(max-width: 1024px) 100vw, 1024px\" \/><\/a><\/figure>\n\n\n\n<figure class=\"wp-block-image size-large\"><a href=\"https:\/\/www.larsandersjohansson.se\/wordpress\/wp-content\/uploads\/2023\/08\/Attdansa2.jpeg\"><img decoding=\"async\" loading=\"lazy\" width=\"1024\" height=\"764\" src=\"https:\/\/www.larsandersjohansson.se\/wordpress\/wp-content\/uploads\/2023\/08\/Attdansa2-1024x764.jpeg\" alt=\"\" class=\"wp-image-6702\" srcset=\"https:\/\/www.larsandersjohansson.se\/wordpress\/wp-content\/uploads\/2023\/08\/Attdansa2-1024x764.jpeg 1024w, https:\/\/www.larsandersjohansson.se\/wordpress\/wp-content\/uploads\/2023\/08\/Attdansa2-300x224.jpeg 300w, https:\/\/www.larsandersjohansson.se\/wordpress\/wp-content\/uploads\/2023\/08\/Attdansa2-768x573.jpeg 768w, https:\/\/www.larsandersjohansson.se\/wordpress\/wp-content\/uploads\/2023\/08\/Attdansa2.jpeg 1179w\" sizes=\"(max-width: 1024px) 100vw, 1024px\" \/><\/a><\/figure>\n","protected":false},"excerpt":{"rendered":"<p>I h\u00f6st kommer en utvidgad och uppdaterad version av min bok Att dansa efter maktens pipa &#8211; kultur i politikens tj\u00e4nst. Den nya upplagan t\u00e4cker \u00e4ven den tid som f\u00f6rlupit sedan boken f\u00f6rsta g\u00e5ngen kom ut 2017. <\/p>\n","protected":false},"author":1,"featured_media":6701,"comment_status":"closed","ping_status":"closed","sticky":false,"template":"","format":"standard","meta":{"ngg_post_thumbnail":0,"jetpack_publicize_message":"","jetpack_is_tweetstorm":false,"jetpack_publicize_feature_enabled":true,"jetpack_social_post_already_shared":true,"jetpack_social_options":{"image_generator_settings":{"template":"highway","enabled":false}}},"categories":[11,7,4],"tags":[36,35,56,33,41],"jetpack_publicize_connections":[],"jetpack_featured_media_url":"https:\/\/www.larsandersjohansson.se\/wordpress\/wp-content\/uploads\/2023\/08\/Attdansa.jpeg","_links":{"self":[{"href":"https:\/\/www.larsandersjohansson.se\/index.php?rest_route=\/wp\/v2\/posts\/6700"}],"collection":[{"href":"https:\/\/www.larsandersjohansson.se\/index.php?rest_route=\/wp\/v2\/posts"}],"about":[{"href":"https:\/\/www.larsandersjohansson.se\/index.php?rest_route=\/wp\/v2\/types\/post"}],"author":[{"embeddable":true,"href":"https:\/\/www.larsandersjohansson.se\/index.php?rest_route=\/wp\/v2\/users\/1"}],"replies":[{"embeddable":true,"href":"https:\/\/www.larsandersjohansson.se\/index.php?rest_route=%2Fwp%2Fv2%2Fcomments&post=6700"}],"version-history":[{"count":2,"href":"https:\/\/www.larsandersjohansson.se\/index.php?rest_route=\/wp\/v2\/posts\/6700\/revisions"}],"predecessor-version":[{"id":6704,"href":"https:\/\/www.larsandersjohansson.se\/index.php?rest_route=\/wp\/v2\/posts\/6700\/revisions\/6704"}],"wp:featuredmedia":[{"embeddable":true,"href":"https:\/\/www.larsandersjohansson.se\/index.php?rest_route=\/wp\/v2\/media\/6701"}],"wp:attachment":[{"href":"https:\/\/www.larsandersjohansson.se\/index.php?rest_route=%2Fwp%2Fv2%2Fmedia&parent=6700"}],"wp:term":[{"taxonomy":"category","embeddable":true,"href":"https:\/\/www.larsandersjohansson.se\/index.php?rest_route=%2Fwp%2Fv2%2Fcategories&post=6700"},{"taxonomy":"post_tag","embeddable":true,"href":"https:\/\/www.larsandersjohansson.se\/index.php?rest_route=%2Fwp%2Fv2%2Ftags&post=6700"}],"curies":[{"name":"wp","href":"https:\/\/api.w.org\/{rel}","templated":true}]}}