{"id":6718,"date":"2023-09-25T15:01:17","date_gmt":"2023-09-25T13:01:17","guid":{"rendered":"https:\/\/www.larsandersjohansson.se\/?p=6718"},"modified":"2023-09-25T15:01:17","modified_gmt":"2023-09-25T13:01:17","slug":"pratar-kulturpolitik-i-fokus-podden","status":"publish","type":"post","link":"https:\/\/www.larsandersjohansson.se\/?p=6718","title":{"rendered":"Pratar kulturpolitik i Fokus-podden"},"content":{"rendered":"\n<p>I senaste avsnittet av <a href=\"https:\/\/www.fokus.se\/fokuspodden\/klart-jag-ar-kulturelit-vad-annars\/\">Fokus-podden<\/a> diskuterar jag kulturpolitik med f\u00f6rfattaren Torbj\u00f6rn Elensky och Fokus kulturredakt\u00f6r Nina Solomin. Bakgrunden \u00e4r min bok Att dansa efter maktens pipa som i h\u00f6st kommer ut i ny, uppdaterad utg\u00e5va. Vi diskuterar ocks\u00e5 de kulturpolitiska debatter som f\u00f6revarit under h\u00f6sten, om kulturpolitiken i Norrk\u00f6ping och om statliga kulturinstitutioner<\/p>\n\n\n\n<p>Lyssna till avsnittet h\u00e4r: <a href=\"https:\/\/www.fokus.se\/fokuspodden\/klart-jag-ar-kulturelit-vad-annars\/\">https:\/\/www.fokus.se\/fokuspodden\/klart-jag-ar-kulturelit-vad-annars\/<\/a><\/p>\n","protected":false},"excerpt":{"rendered":"<p>I senaste avsnittet av Fokus-podden diskuterar jag kulturpolitik med f\u00f6rfattaren Torbj\u00f6rn Elensky och Fokus kulturredakt\u00f6r Nina Solomin.<\/p>\n","protected":false},"author":1,"featured_media":6719,"comment_status":"closed","ping_status":"closed","sticky":false,"template":"","format":"standard","meta":{"ngg_post_thumbnail":0,"jetpack_publicize_message":"","jetpack_is_tweetstorm":false,"jetpack_publicize_feature_enabled":true,"jetpack_social_post_already_shared":true,"jetpack_social_options":{"image_generator_settings":{"template":"highway","enabled":false}}},"categories":[20,11,7,4],"tags":[75,36,35,56,33,41],"jetpack_publicize_connections":[],"jetpack_featured_media_url":"https:\/\/www.larsandersjohansson.se\/wordpress\/wp-content\/uploads\/2023\/09\/FOKUSPODDEN-MALL-2.webp","_links":{"self":[{"href":"https:\/\/www.larsandersjohansson.se\/index.php?rest_route=\/wp\/v2\/posts\/6718"}],"collection":[{"href":"https:\/\/www.larsandersjohansson.se\/index.php?rest_route=\/wp\/v2\/posts"}],"about":[{"href":"https:\/\/www.larsandersjohansson.se\/index.php?rest_route=\/wp\/v2\/types\/post"}],"author":[{"embeddable":true,"href":"https:\/\/www.larsandersjohansson.se\/index.php?rest_route=\/wp\/v2\/users\/1"}],"replies":[{"embeddable":true,"href":"https:\/\/www.larsandersjohansson.se\/index.php?rest_route=%2Fwp%2Fv2%2Fcomments&post=6718"}],"version-history":[{"count":1,"href":"https:\/\/www.larsandersjohansson.se\/index.php?rest_route=\/wp\/v2\/posts\/6718\/revisions"}],"predecessor-version":[{"id":6720,"href":"https:\/\/www.larsandersjohansson.se\/index.php?rest_route=\/wp\/v2\/posts\/6718\/revisions\/6720"}],"wp:featuredmedia":[{"embeddable":true,"href":"https:\/\/www.larsandersjohansson.se\/index.php?rest_route=\/wp\/v2\/media\/6719"}],"wp:attachment":[{"href":"https:\/\/www.larsandersjohansson.se\/index.php?rest_route=%2Fwp%2Fv2%2Fmedia&parent=6718"}],"wp:term":[{"taxonomy":"category","embeddable":true,"href":"https:\/\/www.larsandersjohansson.se\/index.php?rest_route=%2Fwp%2Fv2%2Fcategories&post=6718"},{"taxonomy":"post_tag","embeddable":true,"href":"https:\/\/www.larsandersjohansson.se\/index.php?rest_route=%2Fwp%2Fv2%2Ftags&post=6718"}],"curies":[{"name":"wp","href":"https:\/\/api.w.org\/{rel}","templated":true}]}}