{"id":6721,"date":"2023-09-26T08:46:45","date_gmt":"2023-09-26T06:46:45","guid":{"rendered":"https:\/\/www.larsandersjohansson.se\/?p=6721"},"modified":"2023-09-26T08:46:45","modified_gmt":"2023-09-26T06:46:45","slug":"skriver-om-museer-i-fokus","status":"publish","type":"post","link":"https:\/\/www.larsandersjohansson.se\/?p=6721","title":{"rendered":"Skriver om museer i Fokus"},"content":{"rendered":"\n<p>Var ska musorna h\u00e5lla hus?<\/p>\n\n\n\n<p>ara n\u00e5got \u00e5r efter att Nationalmuseum \u00e5ter slog upp portarna efter en omfattande renovering larmas det om att museet kanske inte har r\u00e5d att vara kvar i sina lokaler, d\u00e5 anslaget fr\u00e5n staten inte r\u00e4cker f\u00f6r att betala hyran, till staten. Detta m\u00e4rkliga uppl\u00e4gg d\u00e4r staten pungsl\u00e5r sig sj\u00e4lv har redan lett till att museet, som rymmer m\u00e5nga av landets fr\u00e4msta konstskatter, f\u00e5tt dra ned p\u00e5 sina \u00f6ppettider.<br><br>Ett museum \u00e4r ett allkonstverk d\u00e4r sj\u00e4lva byggnaden ofta \u00e4r n\u00e4stan lika viktig som samlingarna den rymmer. D\u00e4rf\u00f6r \u00e4r det oroande att flera av landets viktigaste kulturinstitutioner k\u00e4mpar f\u00f6r att kunna vara kvar i sina fastigheter.<\/p>\n\n\n\n<p>Jag skriver i <a href=\"https:\/\/www.fokus.se\/kultur\/vad-ar-egentligen-ett-museum\/\">Fokus<\/a> om museer, var de kommer ifr\u00e5n, vad de \u00e4r f\u00f6r n\u00e5got och vad dagens debatt handlar om:<\/p>\n\n\n\n<p><a><\/a>Museer i dagens bem\u00e4rkelse, som institutioner som inrymmer och visar upp betydelsefulla f\u00f6rem\u00e5l och konstverk, v\u00e4xte fram kring rika furstars och privatpersoners samlingar. Det f\u00f6rsta publika museet var de Capitolinska museerna i Rom, grundat redan 1471 av P\u00e5ven Sixtus IV som som sk\u00e4nkte en samling antika skulpturer till folket i Rom. \u00c4ven det n\u00e4st \u00e4ldsta museet, Vatikanmuseet, grundades av en p\u00e5ve, Julius II.<\/p>\n\n\n\n<p>Sverige var tidigt ute och Livrustkammaren i Stockholm, grundat 1628 av Gustav II Adolf, mitt under det trettio\u00e5riga kriget, \u00e4r v\u00e4rldens fj\u00e4rde \u00e4ldsta museum, till och med \u00e4ldre \u00e4n The Royal Armouries i Towern i London. Konglig Museum, numera, Gustav III:s antikmuseum, som likt Livrustkammaren \u00e4r inrymt i Stockholms slott, \u00f6ppnade f\u00f6r allm\u00e4nheten redan 1794, tv\u00e5 \u00e5r efter kungens d\u00f6d, och rymmer antika skulpturer som Gustav III k\u00f6pte under sin italienska resa 1783-1784. Konglig Museum blev f\u00f6reg\u00e5ngare till dagens Nationalmuseum, eftersom samlingarna v\u00e4xte och inte l\u00e4ngre rymdes i lokalerna p\u00e5 Stockholms slott. Vid riksdagen i Stockholm 1844-45 beviljades ett anslag p\u00e5 750 000 riksdaler f\u00f6r byggandet av en ny museibyggnad i Stockholm.<\/p>\n\n\n\n<p>L\u00e4s artikeln h\u00e4r: <a href=\"https:\/\/www.fokus.se\/kultur\/vad-ar-egentligen-ett-museum\/\">https:\/\/www.fokus.se\/kultur\/vad-ar-egentligen-ett-museum\/<\/a><\/p>\n","protected":false},"excerpt":{"rendered":"<p>Jag skriver i Fokus om museer, var de kommer ifr\u00e5n, vad de \u00e4r f\u00f6r n\u00e5got och vad dagens debatt handlar om.<\/p>\n","protected":false},"author":1,"featured_media":6722,"comment_status":"closed","ping_status":"closed","sticky":false,"template":"","format":"standard","meta":{"ngg_post_thumbnail":0,"jetpack_publicize_message":"","jetpack_is_tweetstorm":false,"jetpack_publicize_feature_enabled":true,"jetpack_social_post_already_shared":true,"jetpack_social_options":{"image_generator_settings":{"template":"highway","enabled":false}}},"categories":[20,11,7,4],"tags":[32,75,36,35,56,33,41,119],"jetpack_publicize_connections":[],"jetpack_featured_media_url":"https:\/\/www.larsandersjohansson.se\/wordpress\/wp-content\/uploads\/2023\/09\/patrick-federi-BudntmmfPnA-unsplash-scaled.jpeg","_links":{"self":[{"href":"https:\/\/www.larsandersjohansson.se\/index.php?rest_route=\/wp\/v2\/posts\/6721"}],"collection":[{"href":"https:\/\/www.larsandersjohansson.se\/index.php?rest_route=\/wp\/v2\/posts"}],"about":[{"href":"https:\/\/www.larsandersjohansson.se\/index.php?rest_route=\/wp\/v2\/types\/post"}],"author":[{"embeddable":true,"href":"https:\/\/www.larsandersjohansson.se\/index.php?rest_route=\/wp\/v2\/users\/1"}],"replies":[{"embeddable":true,"href":"https:\/\/www.larsandersjohansson.se\/index.php?rest_route=%2Fwp%2Fv2%2Fcomments&post=6721"}],"version-history":[{"count":1,"href":"https:\/\/www.larsandersjohansson.se\/index.php?rest_route=\/wp\/v2\/posts\/6721\/revisions"}],"predecessor-version":[{"id":6723,"href":"https:\/\/www.larsandersjohansson.se\/index.php?rest_route=\/wp\/v2\/posts\/6721\/revisions\/6723"}],"wp:featuredmedia":[{"embeddable":true,"href":"https:\/\/www.larsandersjohansson.se\/index.php?rest_route=\/wp\/v2\/media\/6722"}],"wp:attachment":[{"href":"https:\/\/www.larsandersjohansson.se\/index.php?rest_route=%2Fwp%2Fv2%2Fmedia&parent=6721"}],"wp:term":[{"taxonomy":"category","embeddable":true,"href":"https:\/\/www.larsandersjohansson.se\/index.php?rest_route=%2Fwp%2Fv2%2Fcategories&post=6721"},{"taxonomy":"post_tag","embeddable":true,"href":"https:\/\/www.larsandersjohansson.se\/index.php?rest_route=%2Fwp%2Fv2%2Ftags&post=6721"}],"curies":[{"name":"wp","href":"https:\/\/api.w.org\/{rel}","templated":true}]}}