{"id":6724,"date":"2023-09-27T13:08:50","date_gmt":"2023-09-27T11:08:50","guid":{"rendered":"https:\/\/www.larsandersjohansson.se\/?p=6724"},"modified":"2023-09-28T16:19:21","modified_gmt":"2023-09-28T14:19:21","slug":"mitt-program-for-bokmassan-2023","status":"publish","type":"post","link":"https:\/\/www.larsandersjohansson.se\/?p=6724","title":{"rendered":"Mitt program f\u00f6r Bokm\u00e4ssan 2023"},"content":{"rendered":"\n<p>Bes\u00f6kare vid Bokm\u00e4ssan i G\u00f6teborg har fem m\u00f6jligheter att lyssna p\u00e5 mig i \u00e5r:<\/p>\n\n\n\n<p><strong>Torsdagen den 28 september 2023<\/strong><\/p>\n\n\n\n<p><strong>Kulturpolitiken i kulturkriget<\/strong><\/p>\n\n\n\n<p>Tid: 14:30-14:45<\/p>\n\n\n\n<p>Plats: B07:26<\/p>\n\n\n\n<p>Biljett: Ing\u00e5r i entr\u00e9biljetten.<\/p>\n\n\n\n<p>L\u00e4s mer: <a href=\"https:\/\/bokmassan.se\/programs\/kulturpolitiken-i-kulturkriget\/\">https:\/\/bokmassan.se\/programs\/kulturpolitiken-i-kulturkriget\/<\/a>&nbsp;<\/p>\n\n\n\n<p><\/p>\n\n\n\n<p><strong>Fredagen den 29 september 2023<\/strong><\/p>\n\n\n\n<p><strong>Dansar kulturen efter maktens pipa?<\/strong><\/p>\n\n\n\n<p>Tid: 09:45-10:45<\/p>\n\n\n\n<p>Plats: C03:42<\/p>\n\n\n\n<p>Biljett: Ing\u00e5r i entr\u00e9biljetten.<\/p>\n\n\n\n<p>L\u00e4s mer: <a href=\"https:\/\/bokmassan.se\/programs\/dansar-kulturen-efter-maktens-pipa\/\">https:\/\/bokmassan.se\/programs\/dansar-kulturen-efter-maktens-pipa\/<\/a>&nbsp;<\/p>\n\n\n\n<p><strong>Vem ska betala f\u00f6r kulturen?<\/strong><\/p>\n\n\n\n<p>Tid: 14:00-14:20<\/p>\n\n\n\n<p>Plats: B07:26<\/p>\n\n\n\n<p>Biljett: Ing\u00e5r i entr\u00e9biljetten.<\/p>\n\n\n\n<p>L\u00e4s mer: <a href=\"https:\/\/bokmassan.se\/programs\/vem-ska-betala-for-kulturen\/\">https:\/\/bokmassan.se\/programs\/vem-ska-betala-for-kulturen\/<\/a>\u00a0<\/p>\n\n\n\n<p><strong>Kulturpolitik p\u00e5 arml\u00e4ngds avst\u00e5nd<\/strong><\/p>\n\n\n\n<p>Tid: 16:00-16:45<\/p>\n\n\n\n<p>Plats: Scen: H1<\/p>\n\n\n\n<p>Biljett: Kr\u00e4ver seminariekort<\/p>\n\n\n\n<p>L\u00e4s mer: <a href=\"https:\/\/bokmassan.se\/programs\/kulturpolitik-pa-armlangds-avstand\/\">https:\/\/bokmassan.se\/programs\/kulturpolitik-pa-armlangds-avstand\/<\/a>&nbsp;<\/p>\n\n\n\n<p><strong>Beh\u00f6ver vi fler skyskrapor?<\/strong><\/p>\n\n\n\n<p>Tid: 17:00-17:20<\/p>\n\n\n\n<p>Plats: B07:26<\/p>\n\n\n\n<p>Biljett: Ing\u00e5r i entr\u00e9biljetten.<\/p>\n\n\n\n<p>L\u00e4s mer: <a href=\"https:\/\/bokmassan.se\/programs\/behover-vi-fler-skyskrapor\/\">https:\/\/bokmassan.se\/programs\/behover-vi-fler-skyskrapor\/<\/a><\/p>\n\n\n\n<figure class=\"wp-block-image size-large\"><a href=\"https:\/\/timbro.se\/forlag\/dansa-efter-maktens-pipa\/\"><img decoding=\"async\" loading=\"lazy\" width=\"1024\" height=\"576\" src=\"https:\/\/www.larsandersjohansson.se\/wordpress\/wp-content\/uploads\/2023\/09\/FB_Pipa_1920x1080_lansering-1024x576.jpeg\" alt=\"\" class=\"wp-image-6716\" srcset=\"https:\/\/www.larsandersjohansson.se\/wordpress\/wp-content\/uploads\/2023\/09\/FB_Pipa_1920x1080_lansering-1024x576.jpeg 1024w, https:\/\/www.larsandersjohansson.se\/wordpress\/wp-content\/uploads\/2023\/09\/FB_Pipa_1920x1080_lansering-300x169.jpeg 300w, https:\/\/www.larsandersjohansson.se\/wordpress\/wp-content\/uploads\/2023\/09\/FB_Pipa_1920x1080_lansering-768x432.jpeg 768w, https:\/\/www.larsandersjohansson.se\/wordpress\/wp-content\/uploads\/2023\/09\/FB_Pipa_1920x1080_lansering-1536x864.jpeg 1536w, https:\/\/www.larsandersjohansson.se\/wordpress\/wp-content\/uploads\/2023\/09\/FB_Pipa_1920x1080_lansering.jpeg 1920w\" sizes=\"(max-width: 1024px) 100vw, 1024px\" \/><\/a><\/figure>\n","protected":false},"excerpt":{"rendered":"<p>Bes\u00f6kare vid Bokm\u00e4ssan i G\u00f6teborg har fem m\u00f6jligheter att lyssna p\u00e5 mig i \u00e5r.<\/p>\n","protected":false},"author":1,"featured_media":6315,"comment_status":"closed","ping_status":"closed","sticky":false,"template":"","format":"standard","meta":{"ngg_post_thumbnail":0,"jetpack_publicize_message":"","jetpack_is_tweetstorm":false,"jetpack_publicize_feature_enabled":true,"jetpack_social_post_already_shared":true,"jetpack_social_options":{"image_generator_settings":{"template":"highway","enabled":false}}},"categories":[20,5,4],"tags":[32,75,317,132,318,36,35,56,33,41,29],"jetpack_publicize_connections":[],"jetpack_featured_media_url":"https:\/\/www.larsandersjohansson.se\/wordpress\/wp-content\/uploads\/2021\/06\/WAH1453-3-scaled.jpg","_links":{"self":[{"href":"https:\/\/www.larsandersjohansson.se\/index.php?rest_route=\/wp\/v2\/posts\/6724"}],"collection":[{"href":"https:\/\/www.larsandersjohansson.se\/index.php?rest_route=\/wp\/v2\/posts"}],"about":[{"href":"https:\/\/www.larsandersjohansson.se\/index.php?rest_route=\/wp\/v2\/types\/post"}],"author":[{"embeddable":true,"href":"https:\/\/www.larsandersjohansson.se\/index.php?rest_route=\/wp\/v2\/users\/1"}],"replies":[{"embeddable":true,"href":"https:\/\/www.larsandersjohansson.se\/index.php?rest_route=%2Fwp%2Fv2%2Fcomments&post=6724"}],"version-history":[{"count":4,"href":"https:\/\/www.larsandersjohansson.se\/index.php?rest_route=\/wp\/v2\/posts\/6724\/revisions"}],"predecessor-version":[{"id":6728,"href":"https:\/\/www.larsandersjohansson.se\/index.php?rest_route=\/wp\/v2\/posts\/6724\/revisions\/6728"}],"wp:featuredmedia":[{"embeddable":true,"href":"https:\/\/www.larsandersjohansson.se\/index.php?rest_route=\/wp\/v2\/media\/6315"}],"wp:attachment":[{"href":"https:\/\/www.larsandersjohansson.se\/index.php?rest_route=%2Fwp%2Fv2%2Fmedia&parent=6724"}],"wp:term":[{"taxonomy":"category","embeddable":true,"href":"https:\/\/www.larsandersjohansson.se\/index.php?rest_route=%2Fwp%2Fv2%2Fcategories&post=6724"},{"taxonomy":"post_tag","embeddable":true,"href":"https:\/\/www.larsandersjohansson.se\/index.php?rest_route=%2Fwp%2Fv2%2Ftags&post=6724"}],"curies":[{"name":"wp","href":"https:\/\/api.w.org\/{rel}","templated":true}]}}