{"id":6756,"date":"2023-12-11T11:13:16","date_gmt":"2023-12-11T10:13:16","guid":{"rendered":"https:\/\/www.larsandersjohansson.se\/?p=6756"},"modified":"2023-12-11T11:13:16","modified_gmt":"2023-12-11T10:13:16","slug":"skriver-i-axess-om-de-kulturpolitiska-malen-som-fyller-50","status":"publish","type":"post","link":"https:\/\/www.larsandersjohansson.se\/?p=6756","title":{"rendered":"Skriver i Axess om de kulturpolitiska m\u00e5len som fyller 50"},"content":{"rendered":"\n<p>I \u00e5rets sista nummer av tidskriften <a href=\"https:\/\/www.axess.se\/artiklar\/det-stora-systemskiftet\/\">Axess<\/a> skriver jag temaartikeln, om det kulturpolitiska systemskifte som \u00e4gde rum f\u00f6r ett halvsekel sedan, och de kulturpolitiska m\u00e5len som fyller j\u00e4mnt. Vad innebar egentligen den stora oml\u00e4ggning av kulturpolitiken som \u00e4gde rum i b\u00f6rjan av 1970-talet, och hur v\u00e4l har den f\u00f6rda politiken lyckats med att uppfylla sina egna h\u00f6gtravande f\u00f6resatser?<\/p>\n\n\n\n<p>De kulturpolitiska reformerna kring 1974 innebar ett radikalt skifte som speglade tidsandan. Det offentliga \u00e5tagandet p\u00e5 kulturomr\u00e5det utvidgades, men samtidigt r\u00f6rde sig kulturpolitiken bort fr\u00e5n kulturarv och bildningsideal, s\u00e5dant som tidigare varit sj\u00e4lvklara utg\u00e5ngspunkter f\u00f6r statens ingripanden i kulturlivet. Uppdateringarna av de kulturpolitiska m\u00e5len inneb\u00e4r en gradvis r\u00f6relse bort fr\u00e5n denna radikalism. Samtidigt har det institutionella ramverk som byggdes upp kring dessa id\u00e9er bevarats mer eller mindre intakt, oavsett regeringens politiska f\u00e4rg. Trots det kulturpolitiska systemets ideologiska slagsida har de st\u00f6rre debatterna om kulturpolitiken som helhet lyst med sin fr\u00e5nvaro.<\/p>\n\n\n\n<p>L\u00e4s artikeln h\u00e4r: <a href=\"https:\/\/www.axess.se\/artiklar\/det-stora-systemskiftet\/\">https:\/\/www.axess.se\/artiklar\/det-stora-systemskiftet\/<\/a><\/p>\n\n\n\n<figure class=\"wp-block-image size-large\"><a href=\"https:\/\/www.larsandersjohansson.se\/wordpress\/wp-content\/uploads\/2023\/12\/Axess1.jpeg\"><img decoding=\"async\" loading=\"lazy\" width=\"1024\" height=\"768\" src=\"https:\/\/www.larsandersjohansson.se\/wordpress\/wp-content\/uploads\/2023\/12\/Axess1-1024x768.jpeg\" alt=\"\" class=\"wp-image-6757\" srcset=\"https:\/\/www.larsandersjohansson.se\/wordpress\/wp-content\/uploads\/2023\/12\/Axess1-1024x768.jpeg 1024w, https:\/\/www.larsandersjohansson.se\/wordpress\/wp-content\/uploads\/2023\/12\/Axess1-300x225.jpeg 300w, https:\/\/www.larsandersjohansson.se\/wordpress\/wp-content\/uploads\/2023\/12\/Axess1-768x576.jpeg 768w, https:\/\/www.larsandersjohansson.se\/wordpress\/wp-content\/uploads\/2023\/12\/Axess1-1536x1152.jpeg 1536w, https:\/\/www.larsandersjohansson.se\/wordpress\/wp-content\/uploads\/2023\/12\/Axess1.jpeg 1572w\" sizes=\"(max-width: 1024px) 100vw, 1024px\" \/><\/a><\/figure>\n","protected":false},"excerpt":{"rendered":"<p>I \u00e5rets sista nummer av tidskriften Axess skriver jag temaartikeln, om det kulturpolitiska systemskifte som \u00e4gde rum f\u00f6r ett halvsekel sedan, och de kulturpolitiska m\u00e5len som fyller j\u00e4mnt. Vad innebar egentligen den stora oml\u00e4ggning av kulturpolitiken som \u00e4gde rum i b\u00f6rjan av 1970-talet, och hur v\u00e4l har den f\u00f6rda politiken lyckats med att uppfylla sina egna h\u00f6gtravande f\u00f6resatser?<\/p>\n","protected":false},"author":1,"featured_media":6759,"comment_status":"closed","ping_status":"closed","sticky":false,"template":"","format":"standard","meta":{"ngg_post_thumbnail":0,"jetpack_publicize_message":"","jetpack_is_tweetstorm":false,"jetpack_publicize_feature_enabled":true,"jetpack_social_post_already_shared":true,"jetpack_social_options":{"image_generator_settings":{"template":"highway","enabled":false}}},"categories":[20,11,7,4],"tags":[75,36,35,56,33,41],"jetpack_publicize_connections":[],"jetpack_featured_media_url":"https:\/\/www.larsandersjohansson.se\/wordpress\/wp-content\/uploads\/2023\/12\/Axess3.jpeg","_links":{"self":[{"href":"https:\/\/www.larsandersjohansson.se\/index.php?rest_route=\/wp\/v2\/posts\/6756"}],"collection":[{"href":"https:\/\/www.larsandersjohansson.se\/index.php?rest_route=\/wp\/v2\/posts"}],"about":[{"href":"https:\/\/www.larsandersjohansson.se\/index.php?rest_route=\/wp\/v2\/types\/post"}],"author":[{"embeddable":true,"href":"https:\/\/www.larsandersjohansson.se\/index.php?rest_route=\/wp\/v2\/users\/1"}],"replies":[{"embeddable":true,"href":"https:\/\/www.larsandersjohansson.se\/index.php?rest_route=%2Fwp%2Fv2%2Fcomments&post=6756"}],"version-history":[{"count":1,"href":"https:\/\/www.larsandersjohansson.se\/index.php?rest_route=\/wp\/v2\/posts\/6756\/revisions"}],"predecessor-version":[{"id":6760,"href":"https:\/\/www.larsandersjohansson.se\/index.php?rest_route=\/wp\/v2\/posts\/6756\/revisions\/6760"}],"wp:featuredmedia":[{"embeddable":true,"href":"https:\/\/www.larsandersjohansson.se\/index.php?rest_route=\/wp\/v2\/media\/6759"}],"wp:attachment":[{"href":"https:\/\/www.larsandersjohansson.se\/index.php?rest_route=%2Fwp%2Fv2%2Fmedia&parent=6756"}],"wp:term":[{"taxonomy":"category","embeddable":true,"href":"https:\/\/www.larsandersjohansson.se\/index.php?rest_route=%2Fwp%2Fv2%2Fcategories&post=6756"},{"taxonomy":"post_tag","embeddable":true,"href":"https:\/\/www.larsandersjohansson.se\/index.php?rest_route=%2Fwp%2Fv2%2Ftags&post=6756"}],"curies":[{"name":"wp","href":"https:\/\/api.w.org\/{rel}","templated":true}]}}