{"id":6810,"date":"2024-11-01T12:04:49","date_gmt":"2024-11-01T11:04:49","guid":{"rendered":"https:\/\/www.larsandersjohansson.se\/?p=6810"},"modified":"2024-11-01T12:04:49","modified_gmt":"2024-11-01T11:04:49","slug":"filmer-fran-bellmans-minnes-125-arsjubileum","status":"publish","type":"post","link":"https:\/\/www.larsandersjohansson.se\/?p=6810","title":{"rendered":"Filmer fr\u00e5n Bellmans Minnes 125-\u00e5rsjubileum"},"content":{"rendered":"\n<p>S\u00e4llskapet Bellmans Minne firade sitt 125-\u00e5rsjubileum den 30 och 31 oktober p\u00e5 Kristinehovs Malmg\u00e5rd p\u00e5 S\u00f6dermalm i Stockholm. S\u00e4llskapets medlemmar upptr\u00e4dde och underh\u00f6ll en entusiastisk publik och jag medverkade med n\u00e5gra av mina tons\u00e4ttningar av Erik Axel Karlfeldts poesi.<\/p>\n\n\n\n<p>Erik Axel Karlfeldt valdes in i S\u00e4llskapet Bellmans Minne 1920 och har som diktare en del gemensamt med s\u00e5v\u00e4l s\u00e4llskapets f\u00f6rem\u00e5l, Carl Michael Bellman sj\u00e4lv, och en annan medlem av s\u00e4llskapet, som tillsammans med de tidigare n\u00e4mnda, spelat stor roll f\u00f6r mig som f\u00f6rebild och inspirationsk\u00e4lla, n\u00e4mligen Evert Taube. Om dessa tre och deras inb\u00f6rdes relationer h\u00f6ll jag min <a href=\"https:\/\/www.larsandersjohansson.se\/?p=5146\">intr\u00e4desf\u00f6relsning i S\u00e4llskapet Bellmans Minne 2017<\/a>. <\/p>\n\n\n\n<p>Nedan kan man se ett videoklipp fr\u00e5n respektive kv\u00e4ll:<\/p>\n\n\n\n<figure class=\"wp-block-embed is-type-video is-provider-youtube wp-block-embed-youtube wp-embed-aspect-16-9 wp-has-aspect-ratio\"><div class=\"wp-block-embed__wrapper\">\n<iframe loading=\"lazy\" title=\"B\u00f6ljeby-vals, live p\u00e5 Kristinehovs malmg\u00e5rd 30\/10 2024\" width=\"840\" height=\"473\" src=\"https:\/\/www.youtube.com\/embed\/EXkXizJNwuw?feature=oembed\" frameborder=\"0\" allow=\"accelerometer; autoplay; clipboard-write; encrypted-media; gyroscope; picture-in-picture; web-share\" referrerpolicy=\"strict-origin-when-cross-origin\" allowfullscreen><\/iframe>\n<\/div><\/figure>\n\n\n\n<figure class=\"wp-block-embed is-type-video is-provider-youtube wp-block-embed-youtube wp-embed-aspect-16-9 wp-has-aspect-ratio\"><div class=\"wp-block-embed__wrapper\">\n<iframe loading=\"lazy\" title=\"Helig lund, Live p\u00e5 Kristinehovs malmg\u00e5rd 31\/10 2024\" width=\"840\" height=\"473\" src=\"https:\/\/www.youtube.com\/embed\/vztkqVuXSfE?feature=oembed\" frameborder=\"0\" allow=\"accelerometer; autoplay; clipboard-write; encrypted-media; gyroscope; picture-in-picture; web-share\" referrerpolicy=\"strict-origin-when-cross-origin\" allowfullscreen><\/iframe>\n<\/div><\/figure>\n\n\n\n<p><\/p>\n","protected":false},"excerpt":{"rendered":"<p>S\u00e4llskapet Bellmans Minne firade sitt 125-\u00e5rsjubileum den 30 och 31 oktober p\u00e5 Kristinehovs Malmg\u00e5rd p\u00e5 S\u00f6dermalm i Stockholm. S\u00e4llskapets medlemmar upptr\u00e4dde och underh\u00f6ll en entusiastisk publik och jag medverkade med n\u00e5gra av mina tons\u00e4ttningar av Erik Axel Karlfeldts poesi.<\/p>\n","protected":false},"author":1,"featured_media":6887,"comment_status":"closed","ping_status":"closed","sticky":false,"template":"","format":"standard","meta":{"ngg_post_thumbnail":0,"jetpack_publicize_message":"","jetpack_is_tweetstorm":false,"jetpack_publicize_feature_enabled":true,"jetpack_social_post_already_shared":true,"jetpack_social_options":{"image_generator_settings":{"template":"highway","enabled":false}}},"categories":[11,7,4,16],"tags":[322,43,35,42,47],"jetpack_publicize_connections":[],"jetpack_featured_media_url":"https:\/\/www.larsandersjohansson.se\/wordpress\/wp-content\/uploads\/2024\/11\/HAY6430-scaled.jpg","_links":{"self":[{"href":"https:\/\/www.larsandersjohansson.se\/index.php?rest_route=\/wp\/v2\/posts\/6810"}],"collection":[{"href":"https:\/\/www.larsandersjohansson.se\/index.php?rest_route=\/wp\/v2\/posts"}],"about":[{"href":"https:\/\/www.larsandersjohansson.se\/index.php?rest_route=\/wp\/v2\/types\/post"}],"author":[{"embeddable":true,"href":"https:\/\/www.larsandersjohansson.se\/index.php?rest_route=\/wp\/v2\/users\/1"}],"replies":[{"embeddable":true,"href":"https:\/\/www.larsandersjohansson.se\/index.php?rest_route=%2Fwp%2Fv2%2Fcomments&post=6810"}],"version-history":[{"count":1,"href":"https:\/\/www.larsandersjohansson.se\/index.php?rest_route=\/wp\/v2\/posts\/6810\/revisions"}],"predecessor-version":[{"id":6888,"href":"https:\/\/www.larsandersjohansson.se\/index.php?rest_route=\/wp\/v2\/posts\/6810\/revisions\/6888"}],"wp:featuredmedia":[{"embeddable":true,"href":"https:\/\/www.larsandersjohansson.se\/index.php?rest_route=\/wp\/v2\/media\/6887"}],"wp:attachment":[{"href":"https:\/\/www.larsandersjohansson.se\/index.php?rest_route=%2Fwp%2Fv2%2Fmedia&parent=6810"}],"wp:term":[{"taxonomy":"category","embeddable":true,"href":"https:\/\/www.larsandersjohansson.se\/index.php?rest_route=%2Fwp%2Fv2%2Fcategories&post=6810"},{"taxonomy":"post_tag","embeddable":true,"href":"https:\/\/www.larsandersjohansson.se\/index.php?rest_route=%2Fwp%2Fv2%2Ftags&post=6810"}],"curies":[{"name":"wp","href":"https:\/\/api.w.org\/{rel}","templated":true}]}}