{"id":6890,"date":"2024-11-12T15:05:43","date_gmt":"2024-11-12T14:05:43","guid":{"rendered":"https:\/\/www.larsandersjohansson.se\/?p=6890"},"modified":"2024-11-12T15:05:43","modified_gmt":"2024-11-12T14:05:43","slug":"intervjuas-i-dn-om-kulturfinansiering","status":"publish","type":"post","link":"https:\/\/www.larsandersjohansson.se\/?p=6890","title":{"rendered":"Intervjuas i DN om kulturfinansiering"},"content":{"rendered":"\n<p><strong>Jag kommenterar den senaste tidens debatt om behovet av en breddning av kulturlivets finansiering.<\/strong><\/p>\n\n\n\n<p>Jag \u00e4r intervjuad i <a rel=\"noreferrer noopener\" href=\"https:\/\/www.dn.se\/kultur\/nu-har-jakten-pa-privata-pengar-till-kulturen-satt-fart\/?fbclid=IwY2xjawGgK9xleHRuA2FlbQIxMQABHXtMA4RXzz7jsTUSGX_dRzedWqTZvmvpmPwEqv72m337u50AOxPqKD8j-A_aem_O0Pm8aM-j44RiBZe5BQpiw\" target=\"_blank\">Dagens Nyheter<\/a> om den senaste tidens diskussion om breddad finansiering i kulturlivet:<\/p>\n\n\n\n<p><em>\u2013 Fr\u00e5n 30-talet och framf\u00f6r allt 70-talet har det successivt ersatts med det offentliga. Det har skapat en maktkoncentration som varit negativ f\u00f6r kulturlivet. Vi har sett en politisering samtidigt som n\u00e4ringslivet har slutat k\u00e4nna att det \u00e4r deras ansvar att finansiera kultur.<\/em><\/p>\n\n\n\n<p><em>D\u00e4rf\u00f6r st\u00e5r kulturlivet inf\u00f6r en kalldusch, tror Lars Anders Johansson.<\/em><\/p>\n\n\n\n<p><em>\u2013 Jag tror att det vi ser nu \u00e4r b\u00f6rjan till en \u00f6verg\u00e5ng till en annan kulturpolitisk modell, d\u00e4r statens \u00e5taganden kommer att vara smalare. Det beh\u00f6ver inte betyda att det \u00e4r d\u00e5ligt f\u00f6r kulturlivet i bred bem\u00e4rkelse, men jag tror att \u00f6verg\u00e5ngsfasen kommer att bli sm\u00e4rtsam f\u00f6r m\u00e5nga institutioner och verksamheter.<\/em><\/p>\n\n\n\n<p><em>Hur n\u00e4ringslivet \u00e5terigen ska vilja st\u00f6tta kulturen blir en kn\u00e4ckfr\u00e5ga.<\/em><\/p>\n\n\n\n<p><em>\u2013 Ekonomiska incitament \u00e4r bra, men l\u00f6ser inte det grundl\u00e4ggande problemet, det vill s\u00e4ga ointresset f\u00f6r att bidra till det samh\u00e4lle man lever i. F\u00f6r hundra \u00e5r sedan levde f\u00f6retagsledarna i samma samh\u00e4lle som kulturinstitutionerna, men s\u00e5 \u00e4r det inte i den internationella marknadsekonomin. \u00c5 andra sidan har vi fler miljard\u00e4rer \u00e4n n\u00e5gonsin. Kanske finns det n\u00e5gon som vill g\u00e5 i br\u00e4schen.<\/em><\/p>\n\n\n\n<p><em>Liksom kulturministern \u00e4r Lars Anders Johansson \u00f6vertygad om att fler finansieringsk\u00e4llor leder till mer m\u00e5ngfald i kulturlivet \u2013 och att statliga pengar inte alls garanterar oberoende. Det kommer \u00e4ven rapporten fram till, men d\u00e4r n\u00e4mns ocks\u00e5 flera risker med privata pengar: fokus p\u00e5 kortsiktiga projekt i st\u00e4llet f\u00f6r l\u00e5ngsiktig drift, konjunkturk\u00e4nslighet, och villkor som kulturverksamheten k\u00e4nner att den m\u00e5ste anpassa sig efter.<\/em><\/p>\n\n\n\n<p>Nu kan man ocks\u00e5 se debatten om kulturlivets finansiering p\u00e5 SVT Forum:<\/p>\n\n\n\n<p><a href=\"https:\/\/www.svtplay.se\/video\/jxgdv7p\/forum\/fre-8-nov-09-00?info=visa\">https:\/\/www.svtplay.se\/video\/jxgdv7p\/forum\/fre-8-nov-09-00?info=visa<\/a><\/p>\n","protected":false},"excerpt":{"rendered":"<p>Jag kommenterar den senaste tidens debatt om behovet av en breddning av kulturlivets finansiering.<\/p>\n","protected":false},"author":1,"featured_media":6804,"comment_status":"closed","ping_status":"closed","sticky":false,"template":"","format":"standard","meta":{"ngg_post_thumbnail":0,"jetpack_publicize_message":"","jetpack_is_tweetstorm":false,"jetpack_publicize_feature_enabled":true,"jetpack_social_post_already_shared":true,"jetpack_social_options":{"image_generator_settings":{"template":"highway","enabled":false}}},"categories":[20,11,7],"tags":[75,36,35,56,33],"jetpack_publicize_connections":[],"jetpack_featured_media_url":"https:\/\/www.larsandersjohansson.se\/wordpress\/wp-content\/uploads\/2024\/10\/IMG_0081-scaled.jpg","_links":{"self":[{"href":"https:\/\/www.larsandersjohansson.se\/index.php?rest_route=\/wp\/v2\/posts\/6890"}],"collection":[{"href":"https:\/\/www.larsandersjohansson.se\/index.php?rest_route=\/wp\/v2\/posts"}],"about":[{"href":"https:\/\/www.larsandersjohansson.se\/index.php?rest_route=\/wp\/v2\/types\/post"}],"author":[{"embeddable":true,"href":"https:\/\/www.larsandersjohansson.se\/index.php?rest_route=\/wp\/v2\/users\/1"}],"replies":[{"embeddable":true,"href":"https:\/\/www.larsandersjohansson.se\/index.php?rest_route=%2Fwp%2Fv2%2Fcomments&post=6890"}],"version-history":[{"count":1,"href":"https:\/\/www.larsandersjohansson.se\/index.php?rest_route=\/wp\/v2\/posts\/6890\/revisions"}],"predecessor-version":[{"id":6891,"href":"https:\/\/www.larsandersjohansson.se\/index.php?rest_route=\/wp\/v2\/posts\/6890\/revisions\/6891"}],"wp:featuredmedia":[{"embeddable":true,"href":"https:\/\/www.larsandersjohansson.se\/index.php?rest_route=\/wp\/v2\/media\/6804"}],"wp:attachment":[{"href":"https:\/\/www.larsandersjohansson.se\/index.php?rest_route=%2Fwp%2Fv2%2Fmedia&parent=6890"}],"wp:term":[{"taxonomy":"category","embeddable":true,"href":"https:\/\/www.larsandersjohansson.se\/index.php?rest_route=%2Fwp%2Fv2%2Fcategories&post=6890"},{"taxonomy":"post_tag","embeddable":true,"href":"https:\/\/www.larsandersjohansson.se\/index.php?rest_route=%2Fwp%2Fv2%2Ftags&post=6890"}],"curies":[{"name":"wp","href":"https:\/\/api.w.org\/{rel}","templated":true}]}}