{"id":6896,"date":"2024-11-27T19:55:36","date_gmt":"2024-11-27T18:55:36","guid":{"rendered":"https:\/\/www.larsandersjohansson.se\/?p=6896"},"modified":"2024-12-04T11:42:46","modified_gmt":"2024-12-04T10:42:46","slug":"talar-med-erik-jersenius-om-kulturpolitik","status":"publish","type":"post","link":"https:\/\/www.larsandersjohansson.se\/?p=6896","title":{"rendered":"Podd: Talar med Erik Jersenius om kulturpolitik"},"content":{"rendered":"\n<p><strong>Jag har tr\u00e4ffat Erik Jersenius, kulturjournalist och tilltr\u00e4dande kulturredakt\u00f6r p\u00e5 Nyhetsmagasinet Fokus f\u00f6r ett samtal om kulturjournalistikens d\u00e5tid, nutid och eventuella framtid.<\/strong><\/p>\n\n\n\n<p>Erik Jersenius \u00e4r kulturjournalist och tidigare kulturchef p\u00e5 \u00d6stg\u00f6ta Correspondenten och kulturredakt\u00f6r p\u00e5 Vestmanlands L\u00e4ns Tidning. Efter \u00e5rsskiftet tilltr\u00e4der han som kulturredakt\u00f6r f\u00f6r Nyhetsmagasinet Fokus. F\u00f6rra \u00e5ret slutade han p\u00e5 Corren under uppm\u00e4rksammade former, sedan tidningen best\u00e4mt sig f\u00f6r att l\u00e4gga ned sin kulturredaktion, endast tv\u00e5 \u00e5r efter att man aviserat att man skulle satsa p\u00e5 kulturjournalistiken.<\/p>\n\n\n\n<p>Vi tr\u00e4ffas p\u00e5 en krog i Gamla Stan i Stockholm f\u00f6r att tala om kulturjournalistik: g\u00f6r kultursidorna sitt jobb idag, och finns det verkligen n\u00e5gon l\u00f6nsamhet f\u00f6r h\u00e5rt pressade landsortstidningar i att satsa p\u00e5 kulturbevakning? Vem \u00e4r egentligen m\u00e5lgruppen f\u00f6r kulturjournalistiken och varf\u00f6r har s\u00e5 m\u00e5nga kulturintresserade slutat att l\u00e4sa kultursidor?<\/p>\n\n\n\n<p>Lyssna p\u00e5 avsnittet h\u00e4r: <a href=\"https:\/\/open.spotify.com\/episode\/2HarqlrgL8O5NL8gyP1GhP?si=1a8cf94fc02f4907\">https:\/\/open.spotify.com\/episode\/2HarqlrgL8O5NL8gyP1GhP?si=1a8cf94fc02f4907<\/a><\/p>\n","protected":false},"excerpt":{"rendered":"<p>Jag har tr\u00e4ffat Erik Jersenius, kulturjournalist och tilltr\u00e4dande kulturredakt\u00f6r p\u00e5 Nyhetsmagasinet Fokus f\u00f6r ett samtal om kulturjournalistikens d\u00e5tid, nutid och eventuella framtid.<\/p>\n","protected":false},"author":1,"featured_media":6897,"comment_status":"closed","ping_status":"closed","sticky":false,"template":"","format":"standard","meta":{"ngg_post_thumbnail":0,"jetpack_publicize_message":"","jetpack_is_tweetstorm":false,"jetpack_publicize_feature_enabled":true,"jetpack_social_post_already_shared":true,"jetpack_social_options":{"image_generator_settings":{"template":"highway","enabled":false}}},"categories":[11,4,323],"tags":[75,36,56,290],"jetpack_publicize_connections":[],"jetpack_featured_media_url":"https:\/\/www.larsandersjohansson.se\/wordpress\/wp-content\/uploads\/2024\/11\/IMG_1981.jpeg","_links":{"self":[{"href":"https:\/\/www.larsandersjohansson.se\/index.php?rest_route=\/wp\/v2\/posts\/6896"}],"collection":[{"href":"https:\/\/www.larsandersjohansson.se\/index.php?rest_route=\/wp\/v2\/posts"}],"about":[{"href":"https:\/\/www.larsandersjohansson.se\/index.php?rest_route=\/wp\/v2\/types\/post"}],"author":[{"embeddable":true,"href":"https:\/\/www.larsandersjohansson.se\/index.php?rest_route=\/wp\/v2\/users\/1"}],"replies":[{"embeddable":true,"href":"https:\/\/www.larsandersjohansson.se\/index.php?rest_route=%2Fwp%2Fv2%2Fcomments&post=6896"}],"version-history":[{"count":3,"href":"https:\/\/www.larsandersjohansson.se\/index.php?rest_route=\/wp\/v2\/posts\/6896\/revisions"}],"predecessor-version":[{"id":6904,"href":"https:\/\/www.larsandersjohansson.se\/index.php?rest_route=\/wp\/v2\/posts\/6896\/revisions\/6904"}],"wp:featuredmedia":[{"embeddable":true,"href":"https:\/\/www.larsandersjohansson.se\/index.php?rest_route=\/wp\/v2\/media\/6897"}],"wp:attachment":[{"href":"https:\/\/www.larsandersjohansson.se\/index.php?rest_route=%2Fwp%2Fv2%2Fmedia&parent=6896"}],"wp:term":[{"taxonomy":"category","embeddable":true,"href":"https:\/\/www.larsandersjohansson.se\/index.php?rest_route=%2Fwp%2Fv2%2Fcategories&post=6896"},{"taxonomy":"post_tag","embeddable":true,"href":"https:\/\/www.larsandersjohansson.se\/index.php?rest_route=%2Fwp%2Fv2%2Ftags&post=6896"}],"curies":[{"name":"wp","href":"https:\/\/api.w.org\/{rel}","templated":true}]}}