{"id":6983,"date":"2025-02-24T16:04:59","date_gmt":"2025-02-24T15:04:59","guid":{"rendered":"https:\/\/www.larsandersjohansson.se\/?p=6983"},"modified":"2025-02-24T16:04:59","modified_gmt":"2025-02-24T15:04:59","slug":"skriver-i-goteborgs-posten-om-bildning-och-politik","status":"publish","type":"post","link":"https:\/\/www.larsandersjohansson.se\/?p=6983","title":{"rendered":"Skriver i G\u00f6teborgs-Posten om bildning och politik"},"content":{"rendered":"\n<p><strong>Bildning \u00e4r ingen h\u00f6ger- eller v\u00e4nsterfr\u00e5ga, som Sven-Eric Liedman tycks anse. Tv\u00e4rtom har det f\u00f6rekommit m\u00e5nga oheliga allianser mellan skilda politiska l\u00e4ger f\u00f6r att v\u00e4rna bildningens s\u00e4rst\u00e4llning.<\/strong><\/p>\n\n\n\n<p>Man \u00e4r inte bildningsfientlig f\u00f6r att man \u00e4r kritisk till hur skattepengarna anv\u00e4nds inom folkbildningssektorn i dag. Inte heller \u00e4r m\u00e4ngden skattepengar man vill l\u00e4gga p\u00e5 kultursektorn ett m\u00e5tt p\u00e5 bildningsvurm. Det kortsiktiga nyttot\u00e4nkandet finns p\u00e5 b\u00e5da sidor om blockgr\u00e4nsen och har pr\u00e4glat politiken hos regeringar av skiftande politisk f\u00e4rg.<\/p>\n\n\n\n<p>Det humanistiska bildningsidealet formulerades i ett borgerligt samh\u00e4lle, och den tidiga arbetarr\u00f6relsen str\u00e4vade efter att f\u00f6ra ut det till fler. Det var under de \u00e5rtionden d\u00e5 skattetrycket var som h\u00f6gst och den offentliga sektorn v\u00e4xte som snabbast som bildningsidealet f\u00f6rsvann fr\u00e5n universiteten och kulturpolitiken. Att kulturministern lyfter bildningen som ett m\u00e5l f\u00f6r politiken borde v\u00e4lkomnas av alla som v\u00e4rnar det humanistiska bildningsidealet. Sedan \u00e5terst\u00e5r givetvis att se hur v\u00e4l man kommer att lyckas.<\/p>\n\n\n\n<p>B\u00e5de den bildningsvurmande borgerligheten och arbetarr\u00f6relsen har ett humanistiskt arv att bygga vidare p\u00e5. H\u00e4r finns en m\u00f6jlighet till oheliga allianser \u00f6ver blockgr\u00e4nserna, med udden riktad mot teknokraterna i de egna partierna. Till de nationalekonomer som protesterar kan vara v\u00e4rt att p\u00e5peka att det var under bildningsidealets guld\u00e5lder som det svenska v\u00e4lst\u00e5ndet byggdes.<\/p>\n\n\n\n<p>Jag skriver i G\u00f6teborgs-Posten om bildningsideal och politik. L\u00e4s artikeln h\u00e4r:https:\/\/www.gp.se\/kultur\/kulturdebatt\/det-ar-teknokratin-som-ar-bildningens-motsats.a04da44b-8433-4708-b91a-772495d5286f<\/p>\n","protected":false},"excerpt":{"rendered":"<p>Bildning \u00e4r ingen h\u00f6ger- eller v\u00e4nsterfr\u00e5ga, som Sven-Eric Liedman tycks anse. Tv\u00e4rtom har det f\u00f6rekommit m\u00e5nga oheliga allianser mellan skilda politiska l\u00e4ger f\u00f6r att v\u00e4rna bildningens s\u00e4rst\u00e4llning.<\/p>\n","protected":false},"author":1,"featured_media":6984,"comment_status":"closed","ping_status":"closed","sticky":false,"template":"","format":"standard","meta":{"ngg_post_thumbnail":0,"jetpack_publicize_message":"","jetpack_is_tweetstorm":false,"jetpack_publicize_feature_enabled":true,"jetpack_social_post_already_shared":true,"jetpack_social_options":{"image_generator_settings":{"template":"highway","enabled":false}}},"categories":[20,11,7],"tags":[75,36,35,56,33,41],"jetpack_publicize_connections":[],"jetpack_featured_media_url":"https:\/\/www.larsandersjohansson.se\/wordpress\/wp-content\/uploads\/2025\/02\/475657537_10160749374887761_4856735702419827188_n.jpg","_links":{"self":[{"href":"https:\/\/www.larsandersjohansson.se\/index.php?rest_route=\/wp\/v2\/posts\/6983"}],"collection":[{"href":"https:\/\/www.larsandersjohansson.se\/index.php?rest_route=\/wp\/v2\/posts"}],"about":[{"href":"https:\/\/www.larsandersjohansson.se\/index.php?rest_route=\/wp\/v2\/types\/post"}],"author":[{"embeddable":true,"href":"https:\/\/www.larsandersjohansson.se\/index.php?rest_route=\/wp\/v2\/users\/1"}],"replies":[{"embeddable":true,"href":"https:\/\/www.larsandersjohansson.se\/index.php?rest_route=%2Fwp%2Fv2%2Fcomments&post=6983"}],"version-history":[{"count":1,"href":"https:\/\/www.larsandersjohansson.se\/index.php?rest_route=\/wp\/v2\/posts\/6983\/revisions"}],"predecessor-version":[{"id":6985,"href":"https:\/\/www.larsandersjohansson.se\/index.php?rest_route=\/wp\/v2\/posts\/6983\/revisions\/6985"}],"wp:featuredmedia":[{"embeddable":true,"href":"https:\/\/www.larsandersjohansson.se\/index.php?rest_route=\/wp\/v2\/media\/6984"}],"wp:attachment":[{"href":"https:\/\/www.larsandersjohansson.se\/index.php?rest_route=%2Fwp%2Fv2%2Fmedia&parent=6983"}],"wp:term":[{"taxonomy":"category","embeddable":true,"href":"https:\/\/www.larsandersjohansson.se\/index.php?rest_route=%2Fwp%2Fv2%2Fcategories&post=6983"},{"taxonomy":"post_tag","embeddable":true,"href":"https:\/\/www.larsandersjohansson.se\/index.php?rest_route=%2Fwp%2Fv2%2Ftags&post=6983"}],"curies":[{"name":"wp","href":"https:\/\/api.w.org\/{rel}","templated":true}]}}