{"id":7097,"date":"2025-10-15T12:44:00","date_gmt":"2025-10-15T10:44:00","guid":{"rendered":"https:\/\/www.larsandersjohansson.se\/?p=7097"},"modified":"2025-12-14T12:51:54","modified_gmt":"2025-12-14T11:51:54","slug":"podd-oskar-weinmar-om-att-bygga-stader-for-medborgarna","status":"publish","type":"post","link":"https:\/\/www.larsandersjohansson.se\/?p=7097","title":{"rendered":"Podd: Oskar Weinmar om att bygga st\u00e4der f\u00f6r medborgarna"},"content":{"rendered":"\n<p><strong>I Upplands V\u00e4sby har kommunen antagit ett gestaltningsprogram som syftar till att g\u00f6ra kommunen vackrare. Initiativtagare var Oskar Weinmar (M) som tycker att st\u00e4der ska byggas som medborgarna vill.<\/strong><\/p>\n\n\n\n<figure class=\"wp-block-image size-large\"><a href=\"https:\/\/www.larsandersjohansson.se\/wordpress\/wp-content\/uploads\/2025\/12\/image.jpg\"><img decoding=\"async\" loading=\"lazy\" width=\"1024\" height=\"768\" src=\"https:\/\/www.larsandersjohansson.se\/wordpress\/wp-content\/uploads\/2025\/12\/image-1024x768.jpg\" alt=\"\" class=\"wp-image-7099\" srcset=\"https:\/\/www.larsandersjohansson.se\/wordpress\/wp-content\/uploads\/2025\/12\/image-1024x768.jpg 1024w, https:\/\/www.larsandersjohansson.se\/wordpress\/wp-content\/uploads\/2025\/12\/image-300x225.jpg 300w, https:\/\/www.larsandersjohansson.se\/wordpress\/wp-content\/uploads\/2025\/12\/image-768x576.jpg 768w, https:\/\/www.larsandersjohansson.se\/wordpress\/wp-content\/uploads\/2025\/12\/image.jpg 1365w\" sizes=\"(max-width: 1024px) 100vw, 1024px\" \/><\/a><figcaption class=\"wp-element-caption\">Oskar Weinmar (M)<\/figcaption><\/figure>\n\n\n\n<p>Inf\u00f6r valet 2018 gick Moderaterna i Upplands V\u00e4sby p\u00e5 ett stadsbyggnadsprogram som gick ut p\u00e5 att g\u00f6ra kommunen vackrare genom att styra byggandet i en riktning som kommuninv\u00e5narna efterfr\u00e5gade. Som nyvald ordf\u00f6rande f\u00f6r kommunstyrelsen skred sedan Oskar Weinmar till verket. Genom en medborgardialog fick kommunens inv\u00e5nare m\u00f6jlighet att uttrycka hur de ville att framtidens Upplands V\u00e4sby skulle gestalta sig.<\/p>\n\n\n\n<p>Utifr\u00e5n kommuninv\u00e5narnas \u00e5sikter utformades sedan ett gestaltningsprogram, ett slags ramverk f\u00f6r allt byggade i kommunen, som tar fasta p\u00e5 de egenskaper och f\u00f6reteelser som utm\u00e4rker de arkitekturstilar som kommuninv\u00e5narna uppskattar, respektive de stilar som kommuninv\u00e5narna tyckte minst om, och som s\u00e5ledes skall undvikas.<\/p>\n\n\n\n<p>Ytterligare ett steg tog kommunen n\u00e4r de 2020 utlyste en markanvisningst\u00e4vling f\u00f6r n\u00e5gra centralt bel\u00e4gna tomter i kommunen som skulle bebyggas med bost\u00e4der. Det unika med denna arkanvisningst\u00e4vling var att den byggherre som skulle f\u00e5 bebygga tomterna m\u00e5ste utf\u00e4sta sig att bygga i n\u00e5gon av de stilar som v\u00e4sbyborna mest uppskattade, enligt resultatet i medborgardialogen. Markanvisningst\u00e4vlingen f\u00f6rvandlades s\u00e5ledes till en arkitekturt\u00e4vling, d\u00e4r premissen var att bidragen m\u00e5ste utf\u00f6ras i en stil fr\u00e5n f\u00f6re modernismen.<\/p>\n\n\n\n<p>18 f\u00f6rslag inkom fr\u00e5n byggherrar och arkitektkontor, och sedan en jury valt ut sex av f\u00f6rslagen fick V\u00e4sbyborna r\u00f6sta. Vinnare blev CA Fastigheter med arkitekten Nils Freck\u00e9us f\u00f6rslag \u201cNya tide, eviga ideal\u201d. \u00c4nnu fyra \u00e5r senare har bygget inte p\u00e5b\u00f6rjats, men Oskar Weinmar \u00e4r optimistisk och menar att det definitivt kommer att bli av.<\/p>\n\n\n\n<p>Markanvisningst\u00e4vlingen i Upplands V\u00e4sby v\u00e4ckte starka reaktioner inom arkitekturetablissemanget, d\u00e4r den dominerande \u00e5sikten var att politiker inte ska l\u00e4gga sig i fr\u00e5gor som r\u00f6r gestaltningen av hus, utan l\u00e4mna arkitekturen \u00e5t professionen. Andra var mer positiva och tyckte att det var roligt med politiker som faktiskt visade intresse f\u00f6r arkitektur och stadsbyggnad.<\/p>\n\n\n\n<p>Oskar Weinmar menar att det ing\u00e5r i hans uppdrag som medborgarnas valda representant att styra utvecklingen ocks\u00e5 av de fysiska milj\u00f6n i kommunen i en riktning som st\u00e4mmer \u00f6verens med medborgarnas \u00f6nskem\u00e5l.<\/p>\n\n\n\n<p>Som f\u00f6retr\u00e4dare f\u00f6r ett liberalkonservativt parti som Moderaterna handlar mycket av politiken om att balansera liberalismens v\u00e4rnande av \u00e4gander\u00e4tten och marknadsekonomin mot konservatismens f\u00f6rsiktighetsprincip och tro p\u00e5 en organisk, kumulativ utveckling. P\u00e5 stadsbyggnadsomr\u00e5det st\u00e4lls ofta dessa m\u00e5lkonflikter p\u00e5 sin spets, n\u00e4r en alltf\u00f6r h\u00e5rdf\u00f6r exploatering kan omintetg\u00f6ra de v\u00e4rden som g\u00f6r en plats attraktiv, samtidigt som ett alltf\u00f6r starkt skydd kan inskr\u00e4nka m\u00e4nniskors \u00e4gander\u00e4tt och bromsa utveckling och kreativitet.<\/p>\n\n\n\n<div class=\"substack-post-embed\"><p lang=\"en\">Oskar Weinmar om att bygga st\u00e4der f\u00f6r medborgarna by Lars Anders Johansson<\/p><p>I Upplands V\u00e4sby har kommunen antagit ett gestaltningsprogram som syftar till att g\u00f6ra kommunen vackrare. Initiativtagare var Oskar Weinmar (M) som tycker att st\u00e4der ska byggas som medborgarna vill.<\/p><a data-post-link href=\"https:\/\/budoarstamning.substack.com\/p\/oskar-weinmar-om-att-bygga-stader\">Read on Substack<\/a><\/div><script async src=\"https:\/\/substack.com\/embedjs\/embed.js\" charset=\"utf-8\"><\/script>\n","protected":false},"excerpt":{"rendered":"<p>I Upplands V\u00e4sby har kommunen antagit ett gestaltningsprogram som syftar till att g\u00f6ra kommunen vackrare. Initiativtagare var Oskar Weinmar (M) som tycker att st\u00e4der ska byggas som medborgarna vill.<\/p>\n","protected":false},"author":1,"featured_media":7099,"comment_status":"closed","ping_status":"closed","sticky":false,"template":"","format":"standard","meta":{"ngg_post_thumbnail":0,"jetpack_publicize_message":"","jetpack_is_tweetstorm":false,"jetpack_publicize_feature_enabled":true,"jetpack_social_post_already_shared":true,"jetpack_social_options":{"image_generator_settings":{"template":"highway","enabled":false}}},"categories":[323],"tags":[32,242,155,132,115,209,119,29,352],"jetpack_publicize_connections":[],"jetpack_featured_media_url":"https:\/\/www.larsandersjohansson.se\/wordpress\/wp-content\/uploads\/2025\/12\/image.jpg","_links":{"self":[{"href":"https:\/\/www.larsandersjohansson.se\/index.php?rest_route=\/wp\/v2\/posts\/7097"}],"collection":[{"href":"https:\/\/www.larsandersjohansson.se\/index.php?rest_route=\/wp\/v2\/posts"}],"about":[{"href":"https:\/\/www.larsandersjohansson.se\/index.php?rest_route=\/wp\/v2\/types\/post"}],"author":[{"embeddable":true,"href":"https:\/\/www.larsandersjohansson.se\/index.php?rest_route=\/wp\/v2\/users\/1"}],"replies":[{"embeddable":true,"href":"https:\/\/www.larsandersjohansson.se\/index.php?rest_route=%2Fwp%2Fv2%2Fcomments&post=7097"}],"version-history":[{"count":1,"href":"https:\/\/www.larsandersjohansson.se\/index.php?rest_route=\/wp\/v2\/posts\/7097\/revisions"}],"predecessor-version":[{"id":7100,"href":"https:\/\/www.larsandersjohansson.se\/index.php?rest_route=\/wp\/v2\/posts\/7097\/revisions\/7100"}],"wp:featuredmedia":[{"embeddable":true,"href":"https:\/\/www.larsandersjohansson.se\/index.php?rest_route=\/wp\/v2\/media\/7099"}],"wp:attachment":[{"href":"https:\/\/www.larsandersjohansson.se\/index.php?rest_route=%2Fwp%2Fv2%2Fmedia&parent=7097"}],"wp:term":[{"taxonomy":"category","embeddable":true,"href":"https:\/\/www.larsandersjohansson.se\/index.php?rest_route=%2Fwp%2Fv2%2Fcategories&post=7097"},{"taxonomy":"post_tag","embeddable":true,"href":"https:\/\/www.larsandersjohansson.se\/index.php?rest_route=%2Fwp%2Fv2%2Ftags&post=7097"}],"curies":[{"name":"wp","href":"https:\/\/api.w.org\/{rel}","templated":true}]}}