{"id":7157,"date":"2026-04-01T07:00:00","date_gmt":"2026-04-01T05:00:00","guid":{"rendered":"https:\/\/www.larsandersjohansson.se\/?p=7157"},"modified":"2026-04-07T10:27:49","modified_gmt":"2026-04-07T08:27:49","slug":"podd-maria-friberg-om-fotokonstens-forandrade-forutsattningar","status":"publish","type":"post","link":"https:\/\/www.larsandersjohansson.se\/?p=7157","title":{"rendered":"Podd: Maria Friberg om fotokonstens f\u00f6r\u00e4ndrade f\u00f6ruts\u00e4ttningar"},"content":{"rendered":"\n<p><strong>Fotokonstn\u00e4ren Maria Friberg om 90-talets foto-boom, konstkritikens tillbakag\u00e5ng, materialitetens betydelse och varf\u00f6r hennes bilder m\u00e5ste g\u00f6ras p\u00e5 riktigt.<\/strong><\/p>\n\n\n\n<p><\/p>\n\n\n\n<figure class=\"wp-block-image size-large\"><a href=\"https:\/\/www.larsandersjohansson.se\/wordpress\/wp-content\/uploads\/2026\/04\/B18A2598.jpeg\"><img decoding=\"async\" loading=\"lazy\" width=\"1024\" height=\"682\" src=\"https:\/\/www.larsandersjohansson.se\/wordpress\/wp-content\/uploads\/2026\/04\/B18A2598-1024x682.jpeg\" alt=\"\" class=\"wp-image-7158\" srcset=\"https:\/\/www.larsandersjohansson.se\/wordpress\/wp-content\/uploads\/2026\/04\/B18A2598-1024x682.jpeg 1024w, https:\/\/www.larsandersjohansson.se\/wordpress\/wp-content\/uploads\/2026\/04\/B18A2598-300x200.jpeg 300w, https:\/\/www.larsandersjohansson.se\/wordpress\/wp-content\/uploads\/2026\/04\/B18A2598-768x512.jpeg 768w, https:\/\/www.larsandersjohansson.se\/wordpress\/wp-content\/uploads\/2026\/04\/B18A2598-840x560.jpeg 840w, https:\/\/www.larsandersjohansson.se\/wordpress\/wp-content\/uploads\/2026\/04\/B18A2598-120x80.jpeg 120w, https:\/\/www.larsandersjohansson.se\/wordpress\/wp-content\/uploads\/2026\/04\/B18A2598-360x240.jpeg 360w, https:\/\/www.larsandersjohansson.se\/wordpress\/wp-content\/uploads\/2026\/04\/B18A2598-600x400.jpeg 600w, https:\/\/www.larsandersjohansson.se\/wordpress\/wp-content\/uploads\/2026\/04\/B18A2598.jpeg 1280w\" sizes=\"(max-width: 1024px) 100vw, 1024px\" \/><\/a><figcaption class=\"wp-element-caption\">Maria Friberg<\/figcaption><\/figure>\n\n\n\n<p>Fotokonstn\u00e4ren\u00a0<strong>Maria Friberg<\/strong>\u00a0har varit verksam i \u00f6ver trettio \u00e5r och h\u00f6r till de konstn\u00e4rer som tidigt bidrog till att etablera fotografiet som ett sj\u00e4lvklart konstn\u00e4rligt medium i Sverige. I detta avsnitt \u00e5terv\u00e4nder hon till hur fotokonsten s\u00e5g ut n\u00e4r hon b\u00f6rjade p\u00e5 1990-talet och hur dess st\u00e4llning successivt har f\u00f6r\u00e4ndrats, b\u00e5de estetiskt och institutionellt.<\/p>\n\n\n\n<p>Hon beskriver en konstv\u00e4rld d\u00e4r foto och video d\u00e5 uppfattades som nytt, riskfyllt och laddat med m\u00f6jligheter. Gr\u00e4nsen mellan fotograf och konstn\u00e4r var skarp, och fotografiska verk betraktades ofta med misst\u00e4nksamhet. Samtidigt fanns ett starkt intresse fr\u00e5n gallerier, kritiker och publik n\u00e4r konstn\u00e4rer b\u00f6rjade anv\u00e4nda kameran f\u00f6r att arbeta konceptuellt med makt, k\u00f6n och samtid. F\u00f6r Friberg blev fotografiet ett s\u00e4tt att undvika det slutna atelj\u00e9arbetet och i st\u00e4llet tvinga id\u00e9erna att m\u00f6ta verkligheten, m\u00e4nniskor och platser i realtid.<\/p>\n\n\n\n<p>Hon f\u00f6rklarar varf\u00f6r det \u00e4r avg\u00f6rande att hennes bilder iscens\u00e4tts fysiskt, inte byggs i efterhand i dator. Ljuset, v\u00e4dret, materialiteten och slumpen skapar ett motst\u00e5nd som utvecklar bilden. Det \u00e4r ocks\u00e5 d\u00e4rf\u00f6r hon arbetar i team och inte sj\u00e4lv st\u00e5r bakom kameran. Det tekniska utf\u00f6randet skiljs fr\u00e5n det konstn\u00e4rliga upphovet, som ligger i id\u00e9n, kompositionen och situationen. Fotokonst handlar f\u00f6r henne inte om att dokumentera utan om att konstruera meningsb\u00e4rande bilder genom verkliga handlingar.<\/p>\n\n\n\n<p>Ett centralt sp\u00e5r \u00e4r hennes l\u00e5ngvariga arbete med m\u00e4n i kostym och hur dessa verk togs emot n\u00e4r de f\u00f6rst visades. P\u00e5 1990-talet blev aff\u00e4rsmannen och makthavaren ett nytt konstn\u00e4rligt motiv, och hennes bilder l\u00e4stes snabbt som samtidskommentarer. N\u00e4r IT-bubblan sprack fick verken en ov\u00e4ntad aktualitet och fungerade som visuella bilder av ett maktsystem i gungning, trots att de inte var t\u00e4nkta som ekonomiska illustrationer. Hon reflekterar ocks\u00e5 \u00f6ver hur kostymen i dag har f\u00f6rlorat mycket av sin sj\u00e4lvklara symbolkraft och hur det f\u00f6r\u00e4ndrar l\u00e4sningen av \u00e4ldre verk.<\/p>\n\n\n\n<p>Samtalet r\u00f6r sig vidare mot konstv\u00e4rldens strukturer. Friberg beskriver hur konstkritiken har krympt, hur institutionerna arbetar under h\u00e5rdare ekonomiska villkor och hur fotokonstens status inte l\u00e4ngre \u00e4r lika sj\u00e4lvklar som under dess genombrotts\u00e5r. Hon \u00e4r kritisk till hur fotografi ibland reduceras till yta och utskrift, utan respekt f\u00f6r hantverk, material och skala. Samtidigt betonar hon betydelsen av stipendier, gallerier och l\u00e5ngsiktiga relationer f\u00f6r att ett konstn\u00e4rskap ska kunna utvecklas utan att styras av kortsiktiga trender.<\/p>\n\n\n\n<p>Offentlig gestaltning och kulturpolitiska direktiv tas upp som en viktig men problematisk del av konstsystemet. Hon beskriver hur teman och krav uppifr\u00e5n riskerar att flytta fokus fr\u00e5n konstn\u00e4rens egna fr\u00e5gor, \u00e4ven n\u00e4r uppdragen \u00e4r ekonomiskt f\u00f6rdelaktiga. F\u00f6r henne har det blivit allt viktigare att v\u00e4rna det egna arbetets integritet och att forts\u00e4tta utveckla fotokonsten p\u00e5 sina egna villkor.<\/p>\n\n\n\n<p>Avsnittet avslutas med blickar mot nya projekt d\u00e4r fotografiet fortsatt anv\u00e4nds f\u00f6r att unders\u00f6ka relationen mellan historia, natur och det fria ordet. B\u00f6cker som s\u00e4nks i havet, material som l\u00f6ses upp och bilder som bokstavligen uppst\u00e5r i m\u00f6tet mellan id\u00e9 och verklighet pekar mot en fotokonst som inte s\u00f6ker snabba svar, utan l\u00e5ngsam f\u00f6rdjupning i en konstv\u00e4rld under f\u00f6r\u00e4ndring.<\/p>\n\n\n\n<div class=\"substack-post-embed\"><p lang=\"sv\">Maria Friberg om fotokonstens f\u00f6r\u00e4ndrade f\u00f6ruts\u00e4ttningar av Lars Anders Johansson<\/p><p>Fotokonstn\u00e4ren Maria Friberg om 90-talets foto-boom, konstkritikens tillbakag\u00e5ng, materialitetens betydelse och varf\u00f6r hennes bilder m\u00e5ste g\u00f6ras p\u00e5 riktigt.<\/p><a data-post-link href=\"https:\/\/budoarstamning.substack.com\/p\/maria-friberg-om-fotokonstens-forandrade\">L\u00e4s p\u00e5 Substack<\/a><\/div><script async src=\"https:\/\/substack.com\/embedjs\/embed.js\" charset=\"utf-8\"><\/script>\n\n\n\n<p><a href=\"https:\/\/substack.com\/@budoarstamning\"><\/a><\/p>\n","protected":false},"excerpt":{"rendered":"<p>Fotokonstn\u00e4ren Maria Friberg om 90-talets foto-boom, konstkritikens tillbakag\u00e5ng, materialitetens betydelse och varf\u00f6r hennes bilder m\u00e5ste g\u00f6ras p\u00e5 riktigt.<\/p>\n","protected":false},"author":1,"featured_media":7158,"comment_status":"closed","ping_status":"closed","sticky":false,"template":"","format":"standard","meta":{"ngg_post_thumbnail":0,"jetpack_publicize_message":"","jetpack_is_tweetstorm":false,"jetpack_publicize_feature_enabled":true,"jetpack_social_post_already_shared":true,"jetpack_social_options":{"image_generator_settings":{"template":"highway","enabled":false}}},"categories":[323],"tags":[383,382,385,52,36,56,290],"jetpack_publicize_connections":[],"jetpack_featured_media_url":"https:\/\/www.larsandersjohansson.se\/wordpress\/wp-content\/uploads\/2026\/04\/B18A2598.jpeg","_links":{"self":[{"href":"https:\/\/www.larsandersjohansson.se\/index.php?rest_route=\/wp\/v2\/posts\/7157"}],"collection":[{"href":"https:\/\/www.larsandersjohansson.se\/index.php?rest_route=\/wp\/v2\/posts"}],"about":[{"href":"https:\/\/www.larsandersjohansson.se\/index.php?rest_route=\/wp\/v2\/types\/post"}],"author":[{"embeddable":true,"href":"https:\/\/www.larsandersjohansson.se\/index.php?rest_route=\/wp\/v2\/users\/1"}],"replies":[{"embeddable":true,"href":"https:\/\/www.larsandersjohansson.se\/index.php?rest_route=%2Fwp%2Fv2%2Fcomments&post=7157"}],"version-history":[{"count":1,"href":"https:\/\/www.larsandersjohansson.se\/index.php?rest_route=\/wp\/v2\/posts\/7157\/revisions"}],"predecessor-version":[{"id":7159,"href":"https:\/\/www.larsandersjohansson.se\/index.php?rest_route=\/wp\/v2\/posts\/7157\/revisions\/7159"}],"wp:featuredmedia":[{"embeddable":true,"href":"https:\/\/www.larsandersjohansson.se\/index.php?rest_route=\/wp\/v2\/media\/7158"}],"wp:attachment":[{"href":"https:\/\/www.larsandersjohansson.se\/index.php?rest_route=%2Fwp%2Fv2%2Fmedia&parent=7157"}],"wp:term":[{"taxonomy":"category","embeddable":true,"href":"https:\/\/www.larsandersjohansson.se\/index.php?rest_route=%2Fwp%2Fv2%2Fcategories&post=7157"},{"taxonomy":"post_tag","embeddable":true,"href":"https:\/\/www.larsandersjohansson.se\/index.php?rest_route=%2Fwp%2Fv2%2Ftags&post=7157"}],"curies":[{"name":"wp","href":"https:\/\/api.w.org\/{rel}","templated":true}]}}