{"id":832,"date":"2007-05-30T12:29:18","date_gmt":"2007-05-30T12:29:18","guid":{"rendered":"http:\/\/www.larsandersjohansson.se\/wordpress\/?p=832"},"modified":"2007-05-30T12:29:18","modified_gmt":"2007-05-30T12:29:18","slug":"stan-ar-full-av-vatten","status":"publish","type":"post","link":"https:\/\/www.larsandersjohansson.se\/?p=832","title":{"rendered":"Sta&#8217;n \u00e4r full av vatten."},"content":{"rendered":"<p>Konsekvenserna av klimatf\u00f6lr\u00e4ndringarna blir allt mer <a href=\"http:\/\/www.svd.se\/dynamiskt\/inrikes\/did_15601875.asp\" target=\"_blank\" title=\"SvD\">konkreta<\/a>. Det m\u00e4rker man inte minst i Holland d\u00e4r man nu inf\u00f6rt stopp f\u00f6r byggande av sj\u00f6n\u00e4ra hus. Det flacka kustlandskapet i Holland \u00e4r en av de regioner som drabbas h\u00e5rdast vid h\u00f6jningar av det globala vattenst\u00e5ndet till f\u00f6ljd av polarisarnas sm\u00e4ltning.<\/p>\n<p>Endast experimenthus som \u00e4r \u00f6versv\u00e4mningss\u00e4kra och klarar framtida klimatf\u00f6r\u00e4ndringar som f\u00e5r byggas p\u00e5 eftertraktade sj\u00f6tomter.<\/p>\n<p>\u00c4ven i Sverige b\u00f6rjar myndigheterna rusta sig f\u00f6r att m\u00f6ta klimatf\u00f6r\u00e4ndringarnas effekter. Kommunala detaljplaner som inte tar h\u00e4nsyn till hur klimatf\u00f6r\u00e4ndringar \u00f6kar risken f\u00f6r \u00f6versv\u00e4mningar ska kunna dras in. Kommunens ansvar f\u00f6r detaljplanen ska f\u00f6rl\u00e4ngas, fr\u00e5n dagens tio \u00e5r till minst det dubbla. F\u00f6rslagen kommer att l\u00e4ggas fram av klimat- och s\u00e5rbarhetskommitt\u00e9n i oktober.<\/p>\n<p>Det handlar inte l\u00e4ngre bara om att f\u00f6rs\u00f6ka bromsa f\u00f6r\u00e4ndringarna, det handlar om att rusta sig f\u00f6r dess biverkningar. Det kanske blir dags att g\u00f6ra som polarens farsa och flytta ned i b\u00e5ten p\u00e5 permanent basis&#8230;<\/p>\n","protected":false},"excerpt":{"rendered":"<p>Konsekvenserna av klimatf\u00f6lr\u00e4ndringarna blir allt mer konkreta. Det m\u00e4rker man inte minst i Holland d\u00e4r man nu inf\u00f6rt stopp f\u00f6r byggande av sj\u00f6n\u00e4ra hus. Det flacka kustlandskapet i Holland \u00e4r[&#8230;]<\/p>\n","protected":false},"author":1,"featured_media":0,"comment_status":"open","ping_status":"open","sticky":false,"template":"","format":"standard","meta":{"ngg_post_thumbnail":0,"jetpack_publicize_message":"","jetpack_is_tweetstorm":false,"jetpack_publicize_feature_enabled":true,"jetpack_social_post_already_shared":false,"jetpack_social_options":{"image_generator_settings":{"template":"highway","enabled":false}}},"categories":[10],"tags":[],"jetpack_publicize_connections":[],"jetpack_featured_media_url":"","_links":{"self":[{"href":"https:\/\/www.larsandersjohansson.se\/index.php?rest_route=\/wp\/v2\/posts\/832"}],"collection":[{"href":"https:\/\/www.larsandersjohansson.se\/index.php?rest_route=\/wp\/v2\/posts"}],"about":[{"href":"https:\/\/www.larsandersjohansson.se\/index.php?rest_route=\/wp\/v2\/types\/post"}],"author":[{"embeddable":true,"href":"https:\/\/www.larsandersjohansson.se\/index.php?rest_route=\/wp\/v2\/users\/1"}],"replies":[{"embeddable":true,"href":"https:\/\/www.larsandersjohansson.se\/index.php?rest_route=%2Fwp%2Fv2%2Fcomments&post=832"}],"version-history":[{"count":0,"href":"https:\/\/www.larsandersjohansson.se\/index.php?rest_route=\/wp\/v2\/posts\/832\/revisions"}],"wp:attachment":[{"href":"https:\/\/www.larsandersjohansson.se\/index.php?rest_route=%2Fwp%2Fv2%2Fmedia&parent=832"}],"wp:term":[{"taxonomy":"category","embeddable":true,"href":"https:\/\/www.larsandersjohansson.se\/index.php?rest_route=%2Fwp%2Fv2%2Fcategories&post=832"},{"taxonomy":"post_tag","embeddable":true,"href":"https:\/\/www.larsandersjohansson.se\/index.php?rest_route=%2Fwp%2Fv2%2Ftags&post=832"}],"curies":[{"name":"wp","href":"https:\/\/api.w.org\/{rel}","templated":true}]}}