{"id":853,"date":"2007-05-18T10:34:54","date_gmt":"2007-05-18T10:34:54","guid":{"rendered":"http:\/\/www.larsandersjohansson.se\/wordpress\/?p=853"},"modified":"2007-05-18T10:34:54","modified_gmt":"2007-05-18T10:34:54","slug":"vaxthuseffekten-snart-pa-egna-ben","status":"publish","type":"post","link":"https:\/\/www.larsandersjohansson.se\/?p=853","title":{"rendered":"V\u00e4xthuseffekten &#8211; snart p\u00e5 egna ben!"},"content":{"rendered":"<p><a href=\"http:\/\/www.svd.se\/dynamiskt\/inrikes\/did_15482229.asp\" target=\"_blank\" title=\"SvD\">Oroande l\u00e4sning<\/a> om v\u00e4xthuseffekten m\u00f6ter i dagens Svenska dagblad. V\u00e4sthuseffekten har b\u00f6rjat generera sig sj\u00e4lv. De p\u00e5g\u00e5ende klimatf\u00f6r\u00e4ndringarna har medf\u00f6rt bl\u00e5sigare v\u00e4der \u00f6ver S\u00f6dra Oceanen under de senaste decennierna. Sedan 1958 har det blivit bl\u00e5sigare, och klimatmodeller f\u00f6ruts\u00e4ger att den trenden kommer att intensifieras n\u00e4r koldioxidhalterna i atmosf\u00e4ren forts\u00e4tter att \u00f6ka.<\/p>\n<p>S\u00f6dra Oceanen \u00e4r ett av de tv\u00e5 stora omr\u00e5den i v\u00e4rlden d\u00e4r koldioxid ats upp av haven och f\u00f6rpassar v\u00e4xthusgasen ned i havsdjupen.<\/p>\n<p>V\u00e4rldshaven spelar enligt ICCP en central roll f\u00f6r att tv\u00e4tta ur koldioxid ur atmosf\u00e4ren. P\u00e5 land \u00e4r det tr\u00e4d och andra v\u00e4xter som tar upp koldioxid fr\u00e5n luften i fotosyntesen. I haven finns en annan mekanism, d\u00e4r luftens koldioxid tas upp av ytvattnet och sedan l\u00e5ngsamt f\u00f6rs ner till djupvattnet p\u00e5 \u00f6ver 5000 meters djup.<\/p>\n<p>Ungef\u00e4r h\u00e4lften av atmosf\u00e4rens koldioxid f\u00e5ngas upp av hav och land. P\u00e5 mycket l\u00e5ng sikt, hundratals eller tusen \u00e5r, hamnar det mesta \u00e4nd\u00e5 i haven, i de enorma vattenvolymerna p\u00e5 de stora djupen, enligt rapporten.<\/p>\n<p>Att klimatrubbningarna nu medf\u00f6r f\u00f6r\u00e4ndringar i denna process kan inneb\u00e4ra att v\u00e4xthuseffekten s\u00e5 att s\u00e4ga p\u00e5skyndar sig sj\u00e4lv.<\/p>\n","protected":false},"excerpt":{"rendered":"<p>Oroande l\u00e4sning om v\u00e4xthuseffekten m\u00f6ter i dagens Svenska dagblad. V\u00e4sthuseffekten har b\u00f6rjat generera sig sj\u00e4lv. De p\u00e5g\u00e5ende klimatf\u00f6r\u00e4ndringarna har medf\u00f6rt bl\u00e5sigare v\u00e4der \u00f6ver S\u00f6dra Oceanen under de senaste decennierna. Sedan[&#8230;]<\/p>\n","protected":false},"author":1,"featured_media":0,"comment_status":"open","ping_status":"open","sticky":false,"template":"","format":"standard","meta":{"ngg_post_thumbnail":0,"jetpack_publicize_message":"","jetpack_is_tweetstorm":false,"jetpack_publicize_feature_enabled":true,"jetpack_social_post_already_shared":false,"jetpack_social_options":{"image_generator_settings":{"template":"highway","enabled":false}}},"categories":[10],"tags":[],"jetpack_publicize_connections":[],"jetpack_featured_media_url":"","_links":{"self":[{"href":"https:\/\/www.larsandersjohansson.se\/index.php?rest_route=\/wp\/v2\/posts\/853"}],"collection":[{"href":"https:\/\/www.larsandersjohansson.se\/index.php?rest_route=\/wp\/v2\/posts"}],"about":[{"href":"https:\/\/www.larsandersjohansson.se\/index.php?rest_route=\/wp\/v2\/types\/post"}],"author":[{"embeddable":true,"href":"https:\/\/www.larsandersjohansson.se\/index.php?rest_route=\/wp\/v2\/users\/1"}],"replies":[{"embeddable":true,"href":"https:\/\/www.larsandersjohansson.se\/index.php?rest_route=%2Fwp%2Fv2%2Fcomments&post=853"}],"version-history":[{"count":0,"href":"https:\/\/www.larsandersjohansson.se\/index.php?rest_route=\/wp\/v2\/posts\/853\/revisions"}],"wp:attachment":[{"href":"https:\/\/www.larsandersjohansson.se\/index.php?rest_route=%2Fwp%2Fv2%2Fmedia&parent=853"}],"wp:term":[{"taxonomy":"category","embeddable":true,"href":"https:\/\/www.larsandersjohansson.se\/index.php?rest_route=%2Fwp%2Fv2%2Fcategories&post=853"},{"taxonomy":"post_tag","embeddable":true,"href":"https:\/\/www.larsandersjohansson.se\/index.php?rest_route=%2Fwp%2Fv2%2Ftags&post=853"}],"curies":[{"name":"wp","href":"https:\/\/api.w.org\/{rel}","templated":true}]}}