{"id":882,"date":"2007-06-15T14:44:47","date_gmt":"2007-06-15T14:44:47","guid":{"rendered":"http:\/\/www.larsandersjohansson.se\/wordpress\/?p=882"},"modified":"2007-06-15T14:44:47","modified_gmt":"2007-06-15T14:44:47","slug":"angaende-sarbehandling","status":"publish","type":"post","link":"https:\/\/www.larsandersjohansson.se\/?p=882","title":{"rendered":"Ang\u00e5ende s\u00e4rbehandling."},"content":{"rendered":"<p>Jag skrev h\u00e4romdagen ett <a href=\"\/2007\/june\/det-kunde-ha-varit-jag.html\" target=\"_blank\" title=\"slott.blogg.se\">inl\u00e4gg<\/a> om hur vanligt det \u00e4r att m\u00e4nniskor som konfronteras med personer som r\u00e5kat ut f\u00f6r allvarliga skador eller sjukdomar f\u00f6rs\u00f6ker trivialisera skadans elelr sjukdomens omfattning f\u00f6r att p\u00e5 s\u00e5 s\u00e4tt d\u00e4mpa sin egen \u00e5ngest.<\/p>\n<p>Strax d\u00e4refter d\u00f6k en anonym kommentator upp som torgf\u00f6rde den tyv\u00e4rr s\u00e5 utbredda uppfattningen att det \u00e4r den sjuke\/skadade som har ansvar att hantera omgivningens eventuella \u00e5ngest. Han\/hon menade att den som \u00e4r sjuk\/skadad och \u00f6nskar slippa f\u00e5 vad som kanske \u00e4r sitt livs st\u00f6rsta tragedi trivialiserad kr\u00e4ver n\u00e5got slags s\u00e4rbehandling fr\u00e5n omgivningen.<\/p>\n<p>Med anledninga av detta skrev <a href=\"http:\/\/livetefter.blogspot.com\/\" target=\"_blank\" title=\"Livet efter\">Ella<\/a>, som om n\u00e5gon vet vad hon talar om i dessa fr\u00e5gor, ett <a href=\"http:\/\/livetefter.blogspot.com\/2007\/06\/det-kunde-ha-varit-vrre.html\" target=\"_blank\" title=\"Det kunde ha varit v\u00e4rre.\">fullkomligt lysande inl\u00e4gg<\/a> i sp\u00f6rsm\u00e5let. Jag tar mig friheten att citera det avslutande stycket:<\/p>\n<p><em>&quot;Jag beg\u00e4r inte att bli s\u00e4rbehandlad, jag tvivlar p\u00e5 att Lars Anders, f\u00f6rfattaren till ovan citerade blogg, vill bli det heller. Men n\u00e4r m\u00e4nniskor helt enkelt tycker att ens handikapp, skada eller sjukdom inte ens \u00e4r v\u00e4rd att erk\u00e4nna existensen av s\u00e5 blir det ocks\u00e5 en form av s\u00e4rbehandling. En s\u00e4rbehandling d\u00e4r mina behov inte \u00e4r ber\u00e4ttigade och \u00e4r mindre v\u00e4rda \u00e4n andras bara f\u00f6r att mina behov uppst\u00e5tt till f\u00f6ljd av en sjukdom medan andras finns d\u00e4r av naturen och delas av st\u00f6rre delen av befolkningen. Det \u00e4r ocks\u00e5 en form av s\u00e4rbehandling n\u00e4r m\u00e4nniskor anser att man borde vara tacksam f\u00f6r det man har f\u00f6r att det kunde vara v\u00e4rre. Ingen kr\u00e4ver att du ska vara tacksam f\u00f6r att du har huvudv\u00e4rk men skulle du ha varit med om en bilolycka s\u00e5 anser de flesta att du ska vara glad f\u00f6r att du bara har ont i huvudet? F\u00f6r det kunde ju ha varit v\u00e4rre.&quot;<\/em><\/p>\n<p>Tack Ella f\u00f6r att du slog huvudet p\u00e5 spiken!<\/p>\n","protected":false},"excerpt":{"rendered":"<p>Jag skrev h\u00e4romdagen ett inl\u00e4gg om hur vanligt det \u00e4r att m\u00e4nniskor som konfronteras med personer som r\u00e5kat ut f\u00f6r allvarliga skador eller sjukdomar f\u00f6rs\u00f6ker trivialisera skadans elelr sjukdomens omfattning[&#8230;]<\/p>\n","protected":false},"author":1,"featured_media":0,"comment_status":"open","ping_status":"open","sticky":false,"template":"","format":"standard","meta":{"ngg_post_thumbnail":0,"jetpack_publicize_message":"","jetpack_is_tweetstorm":false,"jetpack_publicize_feature_enabled":true,"jetpack_social_post_already_shared":false,"jetpack_social_options":{"image_generator_settings":{"template":"highway","enabled":false}}},"categories":[14],"tags":[],"jetpack_publicize_connections":[],"jetpack_featured_media_url":"","_links":{"self":[{"href":"https:\/\/www.larsandersjohansson.se\/index.php?rest_route=\/wp\/v2\/posts\/882"}],"collection":[{"href":"https:\/\/www.larsandersjohansson.se\/index.php?rest_route=\/wp\/v2\/posts"}],"about":[{"href":"https:\/\/www.larsandersjohansson.se\/index.php?rest_route=\/wp\/v2\/types\/post"}],"author":[{"embeddable":true,"href":"https:\/\/www.larsandersjohansson.se\/index.php?rest_route=\/wp\/v2\/users\/1"}],"replies":[{"embeddable":true,"href":"https:\/\/www.larsandersjohansson.se\/index.php?rest_route=%2Fwp%2Fv2%2Fcomments&post=882"}],"version-history":[{"count":0,"href":"https:\/\/www.larsandersjohansson.se\/index.php?rest_route=\/wp\/v2\/posts\/882\/revisions"}],"wp:attachment":[{"href":"https:\/\/www.larsandersjohansson.se\/index.php?rest_route=%2Fwp%2Fv2%2Fmedia&parent=882"}],"wp:term":[{"taxonomy":"category","embeddable":true,"href":"https:\/\/www.larsandersjohansson.se\/index.php?rest_route=%2Fwp%2Fv2%2Fcategories&post=882"},{"taxonomy":"post_tag","embeddable":true,"href":"https:\/\/www.larsandersjohansson.se\/index.php?rest_route=%2Fwp%2Fv2%2Ftags&post=882"}],"curies":[{"name":"wp","href":"https:\/\/api.w.org\/{rel}","templated":true}]}}