{"id":929,"date":"2007-11-20T13:02:04","date_gmt":"2007-11-20T13:02:04","guid":{"rendered":"http:\/\/www.larsandersjohansson.se\/wordpress\/?p=929"},"modified":"2007-11-20T13:02:04","modified_gmt":"2007-11-20T13:02:04","slug":"dags-att-omsatta-klimatretoriken-i-praktisk-handling","status":"publish","type":"post","link":"https:\/\/www.larsandersjohansson.se\/?p=929","title":{"rendered":"Dags att oms\u00e4tta klimatretoriken i praktisk handling"},"content":{"rendered":"<p>I det senaste numret av <a href=\"http:\/\/www.snf.se\/sveriges-natur\/\" target=\"_blank\" title=\"Sveriges Natur\">Sveriges Natur<\/a> kan man l\u00e4sa en skr\u00e4mmande men <a href=\"http:\/\/www.marklynas.org\/2007\/4\/23\/six-steps-to-hell-summary-of-six-degrees-as-published-in-the-guardian\" target=\"_blank\" title=\"Six step to hell\">intressant artikel<\/a> av den brittiske f\u00f6rfattaren <a href=\"http:\/\/www.marklynas.org\/\" target=\"_blank\" title=\"Mark Lynas\">Mark Lynas<\/a> som skrivit boken Sex grader &#8211; V\u00e5r framtid i en varmare v\u00e4rld. Med utg\u00e5ngspunkt fr\u00e5n l\u00e4sningen av tusentals vetenskapliga artiklar skapar Lynas en bild av vad en h\u00f6jning av den globala medeltemperaturen kan komma att medf\u00f6ra. Grad f\u00f6r grad. Det \u00e4r f\u00f6ga upplyftande l\u00e4sning.<\/p>\n<p>Att insikt och praktisk handling inte alltid g\u00e5r hand i hand \u00e4r bekant sedan l\u00e4nge. D\u00e4rf\u00f6r \u00e4r det kanske inte lika f\u00f6rv\u00e5nande som det \u00e4r bekl\u00e4mmande att <a href=\"http:\/\/www.svd.se\/nyheter\/inrikes\/artikel_611027.svd\" target=\"_blank\" title=\"SvD\">I-l\u00e4ndernas utsl\u00e4pp<\/a> av v\u00e4xthusgaser idag \u00e4r st\u00f6rre \u00e4n n\u00e5gonsin, trots all uppst\u00e5ndelse kring klimatfr\u00e5gan. Endast fyra EU-l\u00e4nder &#8211; Sverige, Storbritannien, Tyskland och Frankrike &#8211; ser nu ut att kunna klara m\u00e5let att minska sina utsl\u00e4pp enligt Kyotoavtalet, ett avtal som i sig l\u00e5ngtifr\u00e5n r\u00e4cker f\u00f6r att hindra de klimatf\u00f6r\u00e4ndringar som st\u00e5r f\u00f6r d\u00f6rren.<\/p>\n<p>\u00c5tg\u00e4rder skall emellertid vidtas. <a href=\"http:\/\/www.dn.se\/DNet\/jsp\/polopoly.jsp?d=147&amp;a=716984\" target=\"_blank\" title=\"DN\">EU-sk\u00e4rper nu klimatreglerna<\/a>. Utsl\u00e4ppsr\u00e4tter ska i framtiden auktioneras ut till h\u00f6gstbjudande i st\u00e4llet f\u00f6r att som nu delas ut gratis. L\u00e4nderna ska inte kunna gynna det egna landets industri p\u00e5 andra l\u00e4nders bekostnad. Det \u00e4r bra, men l\u00e5ngtifr\u00e5n tillr\u00e4ckligt. Det \u00e4r idag \u00e5tg\u00e4rder m\u00e5ste vidtas. Att bara EU agerar r\u00e4cker inte heller. I USA har klimatfr\u00e5gan \u00e4ntligen dykt upp p\u00e5 agendan, \u00e5tminstone hos de <a href=\"http:\/\/www.barackobama.com\/issues\/environment\/\" target=\"_blank\" title=\"barackomaha\">demokratiska<\/a> <a href=\"http:\/\/johnedwards.com\/issues\/energy\/\" target=\"_blank\" title=\"johnedwards\">presidentkandidaterna<\/a>, vilka kr\u00e4ver 100 % auktionering av utsl\u00e4ppsr\u00e4tterna. Som <a href=\"http:\/\/www.emretsson.net\/2007\/11\/20\/antligen-auktion-pa-utslappsratter\/\" target=\"_blank\" title=\"emretsson.net\">emretsson.net<\/a> p\u00e5pekar tarvas dock globala \u00e5tg\u00e4rder f\u00f6r att m\u00f6ta ett globalt problem.<\/p>\n<p>Kritikerna finns givetvis d\u00e4r. Som professor <a href=\"http:\/\/www.dn.se\/DNet\/jsp\/polopoly.jsp?d=572&amp;a=651149\" target=\"_blank\" title=\"DN\">Kjell Aleklett <\/a>som menar att klimatretoriken fr\u00e5n EU:s sida handlar om att m\u00f6ta problemet med minskad tillg\u00e5ng p\u00e5 fossila br\u00e4nslen. En sund skepticism f\u00f6rvisso, men man fr\u00e5gar sig dock vad vi har att vinna p\u00e5 att inte ta klimathotet p\u00e5 allvar. Om det dessutom skulle sammanfalla med att en omst\u00e4llning fr\u00e5n fossila br\u00e4nslen skulle vara bra f\u00f6r de europeiska l\u00e4nderna \u00e4ven ur resursh\u00e4nseende \u00e4r v\u00e4l det bara n\u00e5gonting positivt?<\/p>\n<p>Slutligen b\u00f6r bara n\u00e4mnas kort om <a href=\"http:\/\/www.svd.se\/opinion\/brannpunkt\/artikel_609965.svd\" target=\"_blank\" title=\"SvD\">Carl Cederschi\u00f6ld<\/a> som p\u00e5 SvD:s Br\u00e4nnpunkt vill anv\u00e4nda skattesubventioneringar f\u00f6r att stimulera \u00f6verg\u00e5ngen till milj\u00f6v\u00e4nligare bilar. \u00d6verg\u00e5ng till kollektiva f\u00e4rdmedel samt utsl\u00e4ppsauktionering kanske \u00e4r v\u00e4gar som leder mer direkt till de minskade utsl\u00e4ppsm\u00e5len.<\/p>\n","protected":false},"excerpt":{"rendered":"<p>I det senaste numret av Sveriges Natur kan man l\u00e4sa en skr\u00e4mmande men intressant artikel av den brittiske f\u00f6rfattaren Mark Lynas som skrivit boken Sex grader &#8211; V\u00e5r framtid i[&#8230;]<\/p>\n","protected":false},"author":1,"featured_media":0,"comment_status":"open","ping_status":"open","sticky":false,"template":"","format":"standard","meta":{"ngg_post_thumbnail":0,"jetpack_publicize_message":"","jetpack_is_tweetstorm":false,"jetpack_publicize_feature_enabled":true,"jetpack_social_post_already_shared":false,"jetpack_social_options":{"image_generator_settings":{"template":"highway","enabled":false}}},"categories":[10],"tags":[],"jetpack_publicize_connections":[],"jetpack_featured_media_url":"","_links":{"self":[{"href":"https:\/\/www.larsandersjohansson.se\/index.php?rest_route=\/wp\/v2\/posts\/929"}],"collection":[{"href":"https:\/\/www.larsandersjohansson.se\/index.php?rest_route=\/wp\/v2\/posts"}],"about":[{"href":"https:\/\/www.larsandersjohansson.se\/index.php?rest_route=\/wp\/v2\/types\/post"}],"author":[{"embeddable":true,"href":"https:\/\/www.larsandersjohansson.se\/index.php?rest_route=\/wp\/v2\/users\/1"}],"replies":[{"embeddable":true,"href":"https:\/\/www.larsandersjohansson.se\/index.php?rest_route=%2Fwp%2Fv2%2Fcomments&post=929"}],"version-history":[{"count":0,"href":"https:\/\/www.larsandersjohansson.se\/index.php?rest_route=\/wp\/v2\/posts\/929\/revisions"}],"wp:attachment":[{"href":"https:\/\/www.larsandersjohansson.se\/index.php?rest_route=%2Fwp%2Fv2%2Fmedia&parent=929"}],"wp:term":[{"taxonomy":"category","embeddable":true,"href":"https:\/\/www.larsandersjohansson.se\/index.php?rest_route=%2Fwp%2Fv2%2Fcategories&post=929"},{"taxonomy":"post_tag","embeddable":true,"href":"https:\/\/www.larsandersjohansson.se\/index.php?rest_route=%2Fwp%2Fv2%2Ftags&post=929"}],"curies":[{"name":"wp","href":"https:\/\/api.w.org\/{rel}","templated":true}]}}