{"id":936,"date":"2007-12-31T11:56:11","date_gmt":"2007-12-31T11:56:11","guid":{"rendered":"http:\/\/www.larsandersjohansson.se\/wordpress\/?p=936"},"modified":"2007-12-31T11:56:11","modified_gmt":"2007-12-31T11:56:11","slug":"gott-nytt-ar","status":"publish","type":"post","link":"https:\/\/www.larsandersjohansson.se\/?p=936","title":{"rendered":"Gott nytt \u00e5r!"},"content":{"rendered":"<p class=\"EC_MsoNormal\">2007 har varit ett hektiskt \u00e5r. F\u00f6rutom den omst\u00e4llning det inneburit att komma tillbaka efter en l\u00e5ng sjukskrivning har en stor del av \u00e5ret \u00e4gnats \u00e5t arbetet med debutskivan <a href=\"\/2007\/september\/vingklippt-finns-i-handeln-och-far-fina-recensione.html\" target=\"_blank\" title=\"slott.blogg.se\">Vingklippt <\/a>som sl\u00e4pptes i september och som jag hoppas har fallit er alla p\u00e5 l\u00e4ppen.<\/p>\n<p class=\"EC_MsoNormal\">&nbsp;<\/p>\n<p><a href=\"\/#\" onclick=\"showPic('\/images\/2007\/larsvingklipptomslag_1191187758_6185027.jpg\"\n\t\t\"><img decoding=\"async\" class=\"thumbnail\" src=\"\/images\/2007\/larsvingklipptomslag_1191187758_6185027_thumb.jpg\" alt=\"\" \/><\/a> <a href=\"\/2007\/september\/vingklippt-finns-i-handeln-och-far-fina-recensione.html\" target=\"_blank\" title=\"slott.blogg.se\">Vingklippt<\/a><\/p>\n<p class=\"EC_MsoNormal\">&nbsp;<\/p>\n<p class=\"EC_MsoNormal\">N\u00e4stan direkt efter skivsl\u00e4ppet kastade jag mig in i n\u00e4sta skivproduktion som nu befinner sig i sitt slutskede. Denna g\u00e5ng \u00e4r det mina tons\u00e4ttningar av poeten <a href=\"http:\/\/www.karlfeldt.org\" target=\"_blank\" title=\"Erik Axel Karlfeldt\">Erik Axel Karlfeldts<\/a> dikter som har spelats in. Skivan som sker i samarbete med <a href=\"http:\/\/www.karlfeldt.org\" target=\"_blank\" title=\"Karlfeldtsamfundet\">Karlfeldtsamfundet<\/a> ochskivbolaget <a href=\"http:\/\/www.hemlandssanger.se\" target=\"_blank\" title=\"Hemlandss\u00e5nger\">Hemlandss\u00e5nger<\/a> kommer att sl\u00e4ppas under v\u00e5ren. Mer information omskivsl\u00e4pp och releaseparty kommer fram\u00f6ver.<\/p>\n<p class=\"EC_MsoNormal\">&nbsp;<\/p>\n<p class=\"EC_MsoNormal\">Efter helgerna b\u00f6rjar planl\u00e4ggandet av v\u00e5rens och sommarensspelningar, s\u00e5 har ni n\u00e5got spelst\u00e4lle, n\u00e5gon festival eller n\u00e5got evenemangn\u00e4r er d\u00e4r ni hemskt g\u00e4rna skulle vilja se <a href=\"https:\/\/www.larsandersjohansson.se\" target=\"_blank\" title=\"Lars Anders Johansson\">Lars Anders Johansson<\/a> lira \u00e4r det nu ni ska h\u00f6ra av er till arrang\u00f6ren och \u00f6vertyga honom\/henne om detta.<\/p>\n<p class=\"EC_MsoNormal\">&nbsp;<\/p>\n<p class=\"EC_MsoNormal\">Kommer ni inte p\u00e5 n\u00e5got s\u00e5dant kan ni i alla fall g\u00e5 in p\u00e5 <a href=\"http:\/\/www.popradion.se\/pop.i.topp\/rostsedel1.htm\" target=\"_blank\" title=\"Pop i topp\">popradion.se<\/a> och r\u00f6sta p\u00e5 l\u00e5ten <em>Sn\u00f6vit<\/em> som \u00e4r utmanare denna vecka!<\/p>\n<p class=\"EC_MsoNormal\"><strong><br \/><\/strong><\/p>\n<p class=\"EC_MsoNormal\"><strong>Slutligen vill jag bara passa p\u00e5 att \u00f6nska er alla, l\u00e4sare som lyssnare, ett Gott nytt \u00e5r och att vi ses d\u00e4rute, till v\u00e5ren eller sommaren 2008!<\/strong><\/p>\n","protected":false},"excerpt":{"rendered":"<p>2007 har varit ett hektiskt \u00e5r. F\u00f6rutom den omst\u00e4llning det inneburit att komma tillbaka efter en l\u00e5ng sjukskrivning har en stor del av \u00e5ret \u00e4gnats \u00e5t arbetet med debutskivan Vingklippt[&#8230;]<\/p>\n","protected":false},"author":1,"featured_media":0,"comment_status":"open","ping_status":"open","sticky":false,"template":"","format":"standard","meta":{"ngg_post_thumbnail":0,"jetpack_publicize_message":"","jetpack_is_tweetstorm":false,"jetpack_publicize_feature_enabled":true,"jetpack_social_post_already_shared":false,"jetpack_social_options":{"image_generator_settings":{"template":"highway","enabled":false}}},"categories":[1],"tags":[],"jetpack_publicize_connections":[],"jetpack_featured_media_url":"","_links":{"self":[{"href":"https:\/\/www.larsandersjohansson.se\/index.php?rest_route=\/wp\/v2\/posts\/936"}],"collection":[{"href":"https:\/\/www.larsandersjohansson.se\/index.php?rest_route=\/wp\/v2\/posts"}],"about":[{"href":"https:\/\/www.larsandersjohansson.se\/index.php?rest_route=\/wp\/v2\/types\/post"}],"author":[{"embeddable":true,"href":"https:\/\/www.larsandersjohansson.se\/index.php?rest_route=\/wp\/v2\/users\/1"}],"replies":[{"embeddable":true,"href":"https:\/\/www.larsandersjohansson.se\/index.php?rest_route=%2Fwp%2Fv2%2Fcomments&post=936"}],"version-history":[{"count":0,"href":"https:\/\/www.larsandersjohansson.se\/index.php?rest_route=\/wp\/v2\/posts\/936\/revisions"}],"wp:attachment":[{"href":"https:\/\/www.larsandersjohansson.se\/index.php?rest_route=%2Fwp%2Fv2%2Fmedia&parent=936"}],"wp:term":[{"taxonomy":"category","embeddable":true,"href":"https:\/\/www.larsandersjohansson.se\/index.php?rest_route=%2Fwp%2Fv2%2Fcategories&post=936"},{"taxonomy":"post_tag","embeddable":true,"href":"https:\/\/www.larsandersjohansson.se\/index.php?rest_route=%2Fwp%2Fv2%2Ftags&post=936"}],"curies":[{"name":"wp","href":"https:\/\/api.w.org\/{rel}","templated":true}]}}